{"id":27643,"date":"2023-12-16T13:44:03","date_gmt":"2023-12-16T19:44:03","guid":{"rendered":"https:\/\/politicosaldesnudo.com.mx\/?p=27643"},"modified":"2023-12-16T13:44:03","modified_gmt":"2023-12-16T19:44:03","slug":"alto-al-fuego-en-colombia-en-suspenso-tras-dichos-de-presidente-petro","status":"publish","type":"post","link":"https:\/\/politicosaldesnudo.com.mx\/index.php\/2023\/12\/16\/alto-al-fuego-en-colombia-en-suspenso-tras-dichos-de-presidente-petro\/","title":{"rendered":"Alto al fuego en Colombia en suspenso tras dichos de presidente Petro"},"content":{"rendered":"<p><span style=\"font-size: 14pt;\">Bogot\u00e1.- La advertencia del presidente Gustavo Petro a las guerrillas de suspender el alto al fuego si estas no se comprometen a abandonar las econom\u00edas il\u00edcitas para financiarse, dej\u00f3 en suspenso los fr\u00e1giles acuerdos alcanzados en las mesas de di\u00e1logo que el gobierno tiene con el Ej\u00e9rcito de Liberaci\u00f3n Nacional (ELN) y las disidencias de las FARC, opinaron hoy analistas locales y fuentes cercanas a los grupos insurgentes.<\/span><\/p>\n<p><span style=\"font-size: 14pt;\">\u201cEl gobierno nacional no ve prioritario el cese del fuego si no est\u00e1 precedido de una discusi\u00f3n sobre la destrucci\u00f3n y reemplazo de las econom\u00edas il\u00edcitas\u201d, dijo Petro en la tarde del viernes durante una ceremonia de ascensos militares.<\/span><\/p>\n<p><span style=\"font-size: 14pt;\">El jefe de Estado se refiri\u00f3 espec\u00edficamente al secuestro y a la coca\u00edna y asegur\u00f3 que \u201clo que nos preocupa no es si se ataca al Estado o no, sino si se ataca a la sociedad\u201d.<\/span><\/p>\n<p><span style=\"font-size: 14pt;\">Con el tema del secuestro en el centro de la discusi\u00f3n en las negociaciones de paz con el ELN, luego de que esta guerrilla plagiara en octubre pasado al padre del futbolista Luis D\u00edaz, las palabras de Petro provocaron respuestas inmediatas de la comandancia insurgente en redes sociales.<\/span><\/p>\n<p><span style=\"font-size: 14pt;\">\u201cLa principal econom\u00eda ilegal en Colombia es la corrupci\u00f3n pol\u00edtica, de la cual el actual gobierno no ha sido el del cambio\u201d, dijo en X el ELN y luego agreg\u00f3 que \u201cno tiene sentido un cese al fuego si el gobierno no ordena medidas eficaces para combatir todas las formas de paramilitarismo que afectan a las comunidades en todo el territorio nacional\u201d.<\/span><\/p>\n<p><span style=\"font-size: 14pt;\">Por su parte, fuentes del denominado Estado Mayor Central (EMC) de las disidencias de las FARC, dijeron que le\u00edan las palabras del presidente como \u201cun ultim\u00e1tum innecesario destinado a apaciguar los \u00e1nimos de los militares\u201d y advirtieron que con este tipo de pronunciamientos \u201cse est\u00e1 labrando el comienzo del fin de las negociaciones de paz\u201d.<\/span><\/p>\n","protected":false},"excerpt":{"rendered":"<p>Bogot\u00e1.- La advertencia del presidente Gustavo Petro a las guerrillas de suspender el alto al fuego si estas no se<\/p>\n","protected":false},"author":4,"featured_media":27644,"comment_status":"closed","ping_status":"closed","sticky":false,"template":"","format":"standard","meta":{"colormag_page_container_layout":"default_layout","colormag_page_sidebar_layout":"default_layout","_jetpack_memberships_contains_paid_content":false,"footnotes":"","jetpack_publicize_message":"","jetpack_publicize_feature_enabled":true,"jetpack_social_post_already_shared":false,"jetpack_social_options":{"image_generator_settings":{"template":"highway","default_image_id":0,"font":"","enabled":false},"version":2}},"categories":[28],"tags":[],"class_list":["post-27643","post","type-post","status-publish","format-standard","has-post-thumbnail","hentry","category-internacional"],"jetpack_publicize_connections":[],"jetpack_featured_media_url":"https:\/\/i0.wp.com\/politicosaldesnudo.com.mx\/wp-content\/uploads\/2023\/12\/6d391c09f3e17a9249c7dd2669001aee.jpg?fit=640%2C441&ssl=1","jetpack-related-posts":[],"jetpack_sharing_enabled":true,"_links":{"self":[{"href":"https:\/\/politicosaldesnudo.com.mx\/index.php\/wp-json\/wp\/v2\/posts\/27643","targetHints":{"allow":["GET"]}}],"collection":[{"href":"https:\/\/politicosaldesnudo.com.mx\/index.php\/wp-json\/wp\/v2\/posts"}],"about":[{"href":"https:\/\/politicosaldesnudo.com.mx\/index.php\/wp-json\/wp\/v2\/types\/post"}],"author":[{"embeddable":true,"href":"https:\/\/politicosaldesnudo.com.mx\/index.php\/wp-json\/wp\/v2\/users\/4"}],"replies":[{"embeddable":true,"href":"https:\/\/politicosaldesnudo.com.mx\/index.php\/wp-json\/wp\/v2\/comments?post=27643"}],"version-history":[{"count":0,"href":"https:\/\/politicosaldesnudo.com.mx\/index.php\/wp-json\/wp\/v2\/posts\/27643\/revisions"}],"wp:featuredmedia":[{"embeddable":true,"href":"https:\/\/politicosaldesnudo.com.mx\/index.php\/wp-json\/wp\/v2\/media\/27644"}],"wp:attachment":[{"href":"https:\/\/politicosaldesnudo.com.mx\/index.php\/wp-json\/wp\/v2\/media?parent=27643"}],"wp:term":[{"taxonomy":"category","embeddable":true,"href":"https:\/\/politicosaldesnudo.com.mx\/index.php\/wp-json\/wp\/v2\/categories?post=27643"},{"taxonomy":"post_tag","embeddable":true,"href":"https:\/\/politicosaldesnudo.com.mx\/index.php\/wp-json\/wp\/v2\/tags?post=27643"}],"curies":[{"name":"wp","href":"https:\/\/api.w.org\/{rel}","templated":true}]}}