{"id":27669,"date":"2023-12-18T00:09:59","date_gmt":"2023-12-18T06:09:59","guid":{"rendered":"https:\/\/politicosaldesnudo.com.mx\/?p=27669"},"modified":"2023-12-18T00:09:59","modified_gmt":"2023-12-18T06:09:59","slug":"dante-el-llanero-solitito","status":"publish","type":"post","link":"https:\/\/politicosaldesnudo.com.mx\/index.php\/2023\/12\/18\/dante-el-llanero-solitito\/","title":{"rendered":"Dante, el llanero solitito"},"content":{"rendered":"<p><strong><span style=\"font-size: 14pt;\">Por Pepe Valencia<\/span><\/strong><\/p>\n<p><span style=\"font-size: 14pt;\">Movimiento\u00a0 Ciudadano no tiene candidato a\u00fan y al parecer lo nombrar\u00e1 hasta enero del pr\u00f3ximo a\u00f1o.<\/span><\/p>\n<p><span style=\"font-size: 14pt;\">A nivel presidencial no va ni Marcelo Ebrard ni Samuel Garc\u00eda. Y para gobernador de Veracruz se menciona a Jos\u00e9 Manuel del R\u00edo Virgen y Sergio Gil Rull\u00e1n.<\/span><\/p>\n<p><span style=\"font-size: 14pt;\">Incluso el propio Dante Delgado podr\u00eda postularse en caso de no encontrar un buen prospecto para la presidencia de M\u00e9xico.\u00a0<\/span><\/p>\n<p><span style=\"font-size: 14pt;\">Las esperanzas de alianza con el Frente Fuerza y Coraz\u00f3n por M\u00e9xico se han esfumado. MC va solo a las elecciones del 2024.<\/span><\/p>\n<p><span style=\"font-size: 14pt;\">Si se hubiera sumado (el hubiera no existe) al PAN-PRI-PRD, habr\u00edan barrido a la coalici\u00f3n encabezada por Morena.<\/span><\/p>\n<p><span style=\"font-size: 14pt;\">Hasta hace unas semanas algunos abrigaban una remota esperanza de alianza con el Frente. No hubo tal.<\/span><\/p>\n<p><span style=\"font-size: 14pt;\">Dante Delgado ha dicho una y otra vez que MC puede ganar solito la presidencia de la rep\u00fablica.<\/span><\/p>\n<p><span style=\"font-size: 14pt;\">\u00bfSue\u00f1o guajiro que terminar\u00e1 en cruda y amarga pesadilla o posibilidad real?<\/span><\/p>\n<p><span style=\"font-size: 14pt;\">\u00a1Feliz navidad, amigas y amigos!<\/span><\/p>\n<p><img data-recalc-dims=\"1\" loading=\"lazy\" decoding=\"async\" class=\"aligncenter size-full wp-image-27650\" src=\"https:\/\/i0.wp.com\/politicosaldesnudo.com.mx\/wp-content\/uploads\/2023\/12\/FIRMA-EDITORIAL-PD-3.jpg?resize=800%2C98&#038;ssl=1\" alt=\"\" width=\"800\" height=\"98\" srcset=\"https:\/\/i0.wp.com\/politicosaldesnudo.com.mx\/wp-content\/uploads\/2023\/12\/FIRMA-EDITORIAL-PD-3.jpg?w=1024&amp;ssl=1 1024w, https:\/\/i0.wp.com\/politicosaldesnudo.com.mx\/wp-content\/uploads\/2023\/12\/FIRMA-EDITORIAL-PD-3.jpg?resize=300%2C37&amp;ssl=1 300w, https:\/\/i0.wp.com\/politicosaldesnudo.com.mx\/wp-content\/uploads\/2023\/12\/FIRMA-EDITORIAL-PD-3.jpg?resize=768%2C94&amp;ssl=1 768w\" sizes=\"auto, (max-width: 800px) 100vw, 800px\" \/><\/p>\n<p>&nbsp;<\/p>\n","protected":false},"excerpt":{"rendered":"<p>Por Pepe Valencia Movimiento\u00a0 Ciudadano no tiene candidato a\u00fan y al parecer lo nombrar\u00e1 hasta enero del pr\u00f3ximo a\u00f1o. A<\/p>\n","protected":false},"author":4,"featured_media":23766,"comment_status":"closed","ping_status":"closed","sticky":false,"template":"","format":"standard","meta":{"colormag_page_container_layout":"default_layout","colormag_page_sidebar_layout":"default_layout","_jetpack_memberships_contains_paid_content":false,"footnotes":"","jetpack_publicize_message":"","jetpack_publicize_feature_enabled":true,"jetpack_social_post_already_shared":false,"jetpack_social_options":{"image_generator_settings":{"template":"highway","default_image_id":0,"font":"","enabled":false},"version":2}},"categories":[26],"tags":[],"class_list":["post-27669","post","type-post","status-publish","format-standard","has-post-thumbnail","hentry","category-columnistas"],"jetpack_publicize_connections":[],"jetpack_featured_media_url":"https:\/\/i0.wp.com\/politicosaldesnudo.com.mx\/wp-content\/uploads\/2023\/09\/PEPE-VALENCIA.jpg?fit=711%2C394&ssl=1","jetpack-related-posts":[],"jetpack_sharing_enabled":true,"_links":{"self":[{"href":"https:\/\/politicosaldesnudo.com.mx\/index.php\/wp-json\/wp\/v2\/posts\/27669","targetHints":{"allow":["GET"]}}],"collection":[{"href":"https:\/\/politicosaldesnudo.com.mx\/index.php\/wp-json\/wp\/v2\/posts"}],"about":[{"href":"https:\/\/politicosaldesnudo.com.mx\/index.php\/wp-json\/wp\/v2\/types\/post"}],"author":[{"embeddable":true,"href":"https:\/\/politicosaldesnudo.com.mx\/index.php\/wp-json\/wp\/v2\/users\/4"}],"replies":[{"embeddable":true,"href":"https:\/\/politicosaldesnudo.com.mx\/index.php\/wp-json\/wp\/v2\/comments?post=27669"}],"version-history":[{"count":0,"href":"https:\/\/politicosaldesnudo.com.mx\/index.php\/wp-json\/wp\/v2\/posts\/27669\/revisions"}],"wp:featuredmedia":[{"embeddable":true,"href":"https:\/\/politicosaldesnudo.com.mx\/index.php\/wp-json\/wp\/v2\/media\/23766"}],"wp:attachment":[{"href":"https:\/\/politicosaldesnudo.com.mx\/index.php\/wp-json\/wp\/v2\/media?parent=27669"}],"wp:term":[{"taxonomy":"category","embeddable":true,"href":"https:\/\/politicosaldesnudo.com.mx\/index.php\/wp-json\/wp\/v2\/categories?post=27669"},{"taxonomy":"post_tag","embeddable":true,"href":"https:\/\/politicosaldesnudo.com.mx\/index.php\/wp-json\/wp\/v2\/tags?post=27669"}],"curies":[{"name":"wp","href":"https:\/\/api.w.org\/{rel}","templated":true}]}}