{"id":27674,"date":"2023-12-18T00:28:47","date_gmt":"2023-12-18T06:28:47","guid":{"rendered":"https:\/\/politicosaldesnudo.com.mx\/?p=27674"},"modified":"2023-12-18T00:56:35","modified_gmt":"2023-12-18T06:56:35","slug":"pacto-electoral-en-veracruz","status":"publish","type":"post","link":"https:\/\/politicosaldesnudo.com.mx\/index.php\/2023\/12\/18\/pacto-electoral-en-veracruz\/","title":{"rendered":"Pacto electoral en Veracruz"},"content":{"rendered":"<p><span style=\"color: #cc99ff;\"><strong><span style=\"font-size: 18pt;\">ALMA GRANDE<\/span><\/strong><\/span><\/p>\n<p><span style=\"color: #cc99ff;\"><strong><span style=\"font-size: 18pt;\">Por \u00c1ngel \u00c1lvaro Pe\u00f1a<\/span><\/strong><\/span><\/p>\n<div style=\"width: 480px;\" class=\"wp-video\"><video class=\"wp-video-shortcode\" id=\"video-27674-1\" width=\"480\" height=\"864\" preload=\"metadata\" controls=\"controls\"><source type=\"video\/mp4\" src=\"https:\/\/politicosaldesnudo.com.mx\/wp-content\/uploads\/2023\/12\/WhatsApp-Video-2023-12-18-at-00.51.23.mp4?_=1\" \/><a href=\"https:\/\/politicosaldesnudo.com.mx\/wp-content\/uploads\/2023\/12\/WhatsApp-Video-2023-12-18-at-00.51.23.mp4\">https:\/\/politicosaldesnudo.com.mx\/wp-content\/uploads\/2023\/12\/WhatsApp-Video-2023-12-18-at-00.51.23.mp4<\/a><\/video><\/div>\n<p><strong><span style=\"font-size: 14pt;\">\u00a0La visita de X\u00f3chitl G\u00e1lvez a Veracruz puede tomarse como un parteaguas en su precampa\u00f1a. Veracruz contiene en este momento un gran descontento con Morena por la mala administraci\u00f3n de Cuitl\u00e1huac Garc\u00eda Jim\u00e9nez, quien ha dejado al campo en el olvido, as\u00ed como a los ganaderos, y desde hace un a\u00f1o perdi\u00f3 la certificaci\u00f3n para exportar ganado a Estados Unidos.<\/span><\/strong><\/p>\n<p><img data-recalc-dims=\"1\" loading=\"lazy\" decoding=\"async\" class=\"aligncenter size-full wp-image-27677\" src=\"https:\/\/i0.wp.com\/politicosaldesnudo.com.mx\/wp-content\/uploads\/2023\/12\/GBf41IiXwAE6WaS.jpeg?resize=800%2C533&#038;ssl=1\" alt=\"\" width=\"800\" height=\"533\" srcset=\"https:\/\/i0.wp.com\/politicosaldesnudo.com.mx\/wp-content\/uploads\/2023\/12\/GBf41IiXwAE6WaS.jpeg?w=1019&amp;ssl=1 1019w, https:\/\/i0.wp.com\/politicosaldesnudo.com.mx\/wp-content\/uploads\/2023\/12\/GBf41IiXwAE6WaS.jpeg?resize=300%2C200&amp;ssl=1 300w, https:\/\/i0.wp.com\/politicosaldesnudo.com.mx\/wp-content\/uploads\/2023\/12\/GBf41IiXwAE6WaS.jpeg?resize=768%2C512&amp;ssl=1 768w\" sizes=\"auto, (max-width: 800px) 100vw, 800px\" \/><\/p>\n<p><span style=\"font-size: 18pt;\"><strong>Es por ello que el encuentro de la candidata de Fuerza y Coraz\u00f3n por M\u00e9xico con el candidato de esa misma coalici\u00f3n Pepe Yunes, candidato natural para la gubernatura, encontraron no s\u00f3lo coincidencias sino puntos de apoyo para llegar juntos al triunfo este 2 de junio.<\/strong><\/span><\/p>\n<p><strong><span style=\"font-size: 14pt;\">La candidata se pregunt\u00f3 por el gobernador, que donde estaba y ella misma respondi\u00f3: \u201cBien gracias, robando, haci\u00e9ndose g\u00fcey en lugar de defender a los veracruzanos\u201d.<\/span><\/strong><\/p>\n<p><strong><span style=\"font-size: 14pt;\">As\u00ed, desde su perspectiva, la unidad de la oposici\u00f3n acarrear\u00e1 beneficios a su causa, esperando que, de una vez por todas, pueda definirse Movimiento Ciudadano para sumarse a un proyecto que tiene como objetivo sacar a Morena no s\u00f3lo de Palacio Nacional, sino de la Casa de Gobierno de Veracruz. Juntos, consideran que pueden vencer a la elecci\u00f3n de Estado que se anuncia para las elecciones de 2024.<\/span><\/strong><\/p>\n<p><img data-recalc-dims=\"1\" loading=\"lazy\" decoding=\"async\" class=\"aligncenter size-full wp-image-27675\" src=\"https:\/\/i0.wp.com\/politicosaldesnudo.com.mx\/wp-content\/uploads\/2023\/12\/0bc036a2-618c-4295-9d37-bdda186fae74.jpeg?resize=800%2C534&#038;ssl=1\" alt=\"\" width=\"800\" height=\"534\" srcset=\"https:\/\/i0.wp.com\/politicosaldesnudo.com.mx\/wp-content\/uploads\/2023\/12\/0bc036a2-618c-4295-9d37-bdda186fae74.jpeg?w=1024&amp;ssl=1 1024w, https:\/\/i0.wp.com\/politicosaldesnudo.com.mx\/wp-content\/uploads\/2023\/12\/0bc036a2-618c-4295-9d37-bdda186fae74.jpeg?resize=300%2C200&amp;ssl=1 300w, https:\/\/i0.wp.com\/politicosaldesnudo.com.mx\/wp-content\/uploads\/2023\/12\/0bc036a2-618c-4295-9d37-bdda186fae74.jpeg?resize=768%2C512&amp;ssl=1 768w\" sizes=\"auto, (max-width: 800px) 100vw, 800px\" \/><\/p>\n<p><span style=\"font-size: 18pt;\"><strong>Lament\u00f3 Alito que los gobiernos estatal y federal, tengan abandonado al campo y a los productores de caf\u00e9, naranja, lim\u00f3n, bamb\u00fa, y que hoy Estados Unidos y Canad\u00e1 est\u00e9n acusando a M\u00e9xico de ser el responsable de la muerte de ciudadanos con mel\u00f3n contaminado.<\/strong><\/span><\/p>\n<p><strong><span style=\"font-size: 14pt;\"><em>\u201c<\/em><em>Veo un M\u00e9xico y un Veracruz que abandon\u00f3 a sus ni\u00f1os con c\u00e1ncer, me consta como las mujeres veracruzanas ten\u00edan un plant\u00f3n enfrente del hospital en Xalapa para exigir medicamentos para sus hijos, mujeres a quienes arrestaron; no solo no soportan que se manifiesten las mujeres, adem\u00e1s las meten a la c\u00e1rcel; \u00bfsaben por qu\u00e9?, porque el gobierno quit\u00f3 el Seguro Popular y dej\u00f3 a los ciudadanos abandonados a su suerte, muchos de ustedes no tienen Seguro Social, este gobierno abandon\u00f3 a los ni\u00f1os, no hay vacunas, y tambi\u00e9n quitaron las estancias infantiles<\/em><em>\u201d<\/em>, coment\u00f3 el l\u00edder nacional priista emocionado.<\/span><\/strong><\/p>\n<p><span style=\"font-size: 18pt;\"><strong>Alejandro Moreno C\u00e1rdenas, enfatiz\u00f3 que Perote es una tierra de mujeres y hombres valientes y comprometidos, \u201cXhingones\u201d como son los veracruzanos, echados para adelante, \u201c<em>y en esa responsabilidad les digo: el pa\u00eds no va bien, y en junio de 2024 nos jugamos el presente y el futuro de Veracruz y de M\u00e9xico<\/em><em>\u201d.<\/em><\/strong><\/span><\/p>\n<p><strong><span style=\"font-size: 14pt;\">Refiri\u00f3 que por eso hoy hay que sumar esfuerzos, mostrar talante, ir hacia adelante, y decirlo como es, <em>\u201c<\/em><em>estos de Morena son unos c\u00ednicos, unos sinverg\u00fcenzas, unos corruptos que han llevado al atraso a Veracruz y a este pa\u00eds. Sint\u00e1monos muy orgullosos de lo que estamos haciendo, de luchar con \u00e1nimo, con propuestas y con visi\u00f3n<\/em><em>\u201d<\/em>.<\/span><\/strong><\/p>\n<p><img data-recalc-dims=\"1\" loading=\"lazy\" decoding=\"async\" class=\"aligncenter size-full wp-image-27676\" src=\"https:\/\/i0.wp.com\/politicosaldesnudo.com.mx\/wp-content\/uploads\/2023\/12\/abf9fcc0-daea-462e-9b99-75ce3d7b39a5.jpeg?resize=800%2C600&#038;ssl=1\" alt=\"\" width=\"800\" height=\"600\" srcset=\"https:\/\/i0.wp.com\/politicosaldesnudo.com.mx\/wp-content\/uploads\/2023\/12\/abf9fcc0-daea-462e-9b99-75ce3d7b39a5.jpeg?w=1024&amp;ssl=1 1024w, https:\/\/i0.wp.com\/politicosaldesnudo.com.mx\/wp-content\/uploads\/2023\/12\/abf9fcc0-daea-462e-9b99-75ce3d7b39a5.jpeg?resize=300%2C225&amp;ssl=1 300w, https:\/\/i0.wp.com\/politicosaldesnudo.com.mx\/wp-content\/uploads\/2023\/12\/abf9fcc0-daea-462e-9b99-75ce3d7b39a5.jpeg?resize=768%2C576&amp;ssl=1 768w\" sizes=\"auto, (max-width: 800px) 100vw, 800px\" \/><\/p>\n<p><strong><span style=\"font-size: 14pt;\">X\u00f3chitl G\u00e1lvez coment\u00f3 en el acto de Perote, basti\u00f3n del propio Pepe Yunes, donde fuera Presidente Municipal, de 1998 a 2000, que se requiere infraestructura, <em>\u201c<\/em><em>no puede ser que unos cuantos kil\u00f3metros de carretera entre Veracruz y C\u00f3rdoba no los puedan terminar en cinco a\u00f1os, son unos ineptos, unos corruptos, por eso se van a ir, porque no saben trabajar, no pueden acabar un maldito puente<\/em><em>\u201d.<\/em><\/span><\/strong><\/p>\n<p><span style=\"font-size: 18pt;\"><strong>Finalmente, la candidata dijo a los presentes al pedir su apoyo: <em>\u201c<\/em><em>Ustedes ya me conocen, saben de qu\u00e9 estoy hecha, ya fui funcionaria federal, no hay un solo esc\u00e1ndalo de corrupci\u00f3n en mi contra, no se dejen ir con las mentiras del gobierno, no me van a decir a m\u00ed que yo he hecho alg\u00fan delito, los puedo mirar a todos a los ojos y decirles nunca en mi vida me he robado un centavo, t\u00e9nganme confianza, soy una mujer honesta y trabajadora<\/em><em>\u201d<\/em>.<\/strong><\/span><\/p>\n<p><strong><span style=\"font-size: 14pt;\">En su mensaje, Jos\u00e9 Francisco Yunes Zorrilla, licenciado en administraci\u00f3n por el ITAM, Diputado Federal con licencia y coordinador del Frente Opositor por Veracruz, se\u00f1al\u00f3 que hoy la zona de Perote y Veracruz la est\u00e1 pasando mal porque tienen un mal gobierno federal y estatal; <em>\u201c<\/em><em>la gente padece cuando no hay hospitales ni medicinas aunque s\u00ed hay m\u00e9dicos; la gente la pasa mal porque sus hijos no tienen los espacios educativos que antes ten\u00edan, no obstante \u00e9l heroico trabajo que hacen las maestras y los maestros veracruzanos a quienes desde aqu\u00ed reconocemos<\/em><em>\u201d.<\/em><\/span><\/strong><\/p>\n<p><strong><span style=\"font-size: 14pt;\">Subray\u00f3 que X\u00f3chitl G\u00e1lvez es una mujer que dar\u00e1 resultados, encontrar\u00e1 respuestas y mejorar\u00e1 el entorno, subray\u00f3 que hoy se nos convoca a todos a trabajar con pasi\u00f3n, con determinaci\u00f3n, con firmeza, porque est\u00e1 en juego el cambio que de un futuro real, de oportunidades para las veracruzanas y las mujeres y hombres de todo el pa\u00eds, \u201c<em>por eso X\u00f3chitl G\u00e1lvez, con su apoyo ser\u00e1 presidenta\u201d.<\/em><\/span><\/strong><\/p>\n<p><span style=\"font-size: 18pt;\"><strong>Estuvieron presentes, Jos\u00e9 Francisco Yunes Zorrilla, responsable del Frente Amplio en Veracruz; Alejandro Moreno C\u00e1rdenas, presidente del CEN del PRI; Adolfo Ram\u00edrez Arana, presidente del CDE del PRI en Veracruz y de Lorena Pi\u00f1\u00f3n Rivera, Diputada Federal y Secretaria General del CDE, de ese mismo partido, manifest\u00f3 su entusiasmo de estar en Veracruz y poder dar un mensaje de esperanza al campo abandonado, a los adultos mayores, a los ni\u00f1os, a las personas ind\u00edgenas y a las mujeres, ante la ineficiencia de los actuales gobiernos de Morena.<\/strong><\/span><\/p>\n<p><strong><span style=\"font-size: 14pt;\">Asistieron tambi\u00e9n al encuentro: Indira Rosales, Senadora de la Rep\u00fablica; Sergio Cadena Mart\u00ednez, Presidente de la Direcci\u00f3n Estatal Ejecutiva del PRD; Ildefonso Guajardo, Diputado Federal; Mario Zamora, Senador; Eufrosina Cruz, Diputada Federal; Marlon Ram\u00edrez Mar\u00edn y Arianna \u00c1ngeles Aguirre; H\u00e9ctor Yunes Landa, ex Diputado local y Federal; Diputados locales, presidentes municipales, s\u00edndicos, regidores, presidentes de comit\u00e9s municipales, todos del PRI, representantes de sectores, organizaciones, organismos especializados, militantes y simpatizantes.<\/span><\/strong><\/p>\n<p><strong><span style=\"font-size: 14pt;\">La realidad del pa\u00eds y del estado fue denunciada por ambos candidatos, que son motivos m\u00e1s que suficientes para que se provoque el cambio que millones de mexicanos defienden.<\/span><\/strong><\/p>\n<p><span style=\"font-size: 18pt;\"><strong>Con una unidad que contenga el inconformismo creciente contra la actual administraci\u00f3n tanto federal como estatal, podr\u00eda haber sorpresas este 2 de junio, cuando pueda haber un cambio radical a las disposiciones que han afectado a miles de familias.<\/strong><\/span><\/p>\n<p><strong><span style=\"font-size: 14pt;\">PEGA Y CORRE.- En menos de 15 d\u00edas el PRI suma dos Senadoras a su grupo parlamentario. Este domingo 17 de diciembre. Alejandro \u201cAlito\u201d Moreno, dio la bienvenida a la Senadora Nadia Navarro, quien dej\u00f3 la bancada del PAN. Hace unos d\u00edas se sum\u00f3 al tricolor la Senadora Claudia Balderas, quien pertenec\u00eda a Morena\u2026 Esta columna se publica los lunes, mi\u00e9rcoles y viernes.<\/span><\/strong><\/p>\n<p><img data-recalc-dims=\"1\" loading=\"lazy\" decoding=\"async\" class=\"aligncenter size-full wp-image-27650\" src=\"https:\/\/i0.wp.com\/politicosaldesnudo.com.mx\/wp-content\/uploads\/2023\/12\/FIRMA-EDITORIAL-PD-3.jpg?resize=800%2C98&#038;ssl=1\" alt=\"\" width=\"800\" height=\"98\" srcset=\"https:\/\/i0.wp.com\/politicosaldesnudo.com.mx\/wp-content\/uploads\/2023\/12\/FIRMA-EDITORIAL-PD-3.jpg?w=1024&amp;ssl=1 1024w, https:\/\/i0.wp.com\/politicosaldesnudo.com.mx\/wp-content\/uploads\/2023\/12\/FIRMA-EDITORIAL-PD-3.jpg?resize=300%2C37&amp;ssl=1 300w, https:\/\/i0.wp.com\/politicosaldesnudo.com.mx\/wp-content\/uploads\/2023\/12\/FIRMA-EDITORIAL-PD-3.jpg?resize=768%2C94&amp;ssl=1 768w\" sizes=\"auto, (max-width: 800px) 100vw, 800px\" \/><\/p>\n","protected":false},"excerpt":{"rendered":"<p>ALMA GRANDE Por \u00c1ngel \u00c1lvaro Pe\u00f1a \u00a0La visita de X\u00f3chitl G\u00e1lvez a Veracruz puede tomarse como un parteaguas en su<\/p>\n","protected":false},"author":4,"featured_media":15807,"comment_status":"closed","ping_status":"closed","sticky":false,"template":"","format":"standard","meta":{"colormag_page_container_layout":"default_layout","colormag_page_sidebar_layout":"default_layout","_jetpack_memberships_contains_paid_content":false,"footnotes":"","jetpack_publicize_message":"","jetpack_publicize_feature_enabled":true,"jetpack_social_post_already_shared":false,"jetpack_social_options":{"image_generator_settings":{"template":"highway","default_image_id":0,"font":"","enabled":false},"version":2}},"categories":[26],"tags":[],"class_list":["post-27674","post","type-post","status-publish","format-standard","has-post-thumbnail","hentry","category-columnistas"],"jetpack_publicize_connections":[],"jetpack_featured_media_url":"https:\/\/i0.wp.com\/politicosaldesnudo.com.mx\/wp-content\/uploads\/2023\/02\/ANGEL-ALVARO-PENA1.webp?fit=800%2C445&ssl=1","jetpack-related-posts":[],"jetpack_sharing_enabled":true,"_links":{"self":[{"href":"https:\/\/politicosaldesnudo.com.mx\/index.php\/wp-json\/wp\/v2\/posts\/27674","targetHints":{"allow":["GET"]}}],"collection":[{"href":"https:\/\/politicosaldesnudo.com.mx\/index.php\/wp-json\/wp\/v2\/posts"}],"about":[{"href":"https:\/\/politicosaldesnudo.com.mx\/index.php\/wp-json\/wp\/v2\/types\/post"}],"author":[{"embeddable":true,"href":"https:\/\/politicosaldesnudo.com.mx\/index.php\/wp-json\/wp\/v2\/users\/4"}],"replies":[{"embeddable":true,"href":"https:\/\/politicosaldesnudo.com.mx\/index.php\/wp-json\/wp\/v2\/comments?post=27674"}],"version-history":[{"count":0,"href":"https:\/\/politicosaldesnudo.com.mx\/index.php\/wp-json\/wp\/v2\/posts\/27674\/revisions"}],"wp:featuredmedia":[{"embeddable":true,"href":"https:\/\/politicosaldesnudo.com.mx\/index.php\/wp-json\/wp\/v2\/media\/15807"}],"wp:attachment":[{"href":"https:\/\/politicosaldesnudo.com.mx\/index.php\/wp-json\/wp\/v2\/media?parent=27674"}],"wp:term":[{"taxonomy":"category","embeddable":true,"href":"https:\/\/politicosaldesnudo.com.mx\/index.php\/wp-json\/wp\/v2\/categories?post=27674"},{"taxonomy":"post_tag","embeddable":true,"href":"https:\/\/politicosaldesnudo.com.mx\/index.php\/wp-json\/wp\/v2\/tags?post=27674"}],"curies":[{"name":"wp","href":"https:\/\/api.w.org\/{rel}","templated":true}]}}