{"id":27688,"date":"2023-12-18T09:02:10","date_gmt":"2023-12-18T15:02:10","guid":{"rendered":"https:\/\/politicosaldesnudo.com.mx\/?p=27688"},"modified":"2023-12-18T09:02:10","modified_gmt":"2023-12-18T15:02:10","slug":"despuntara-turismo-de-negocios-en-el-sur","status":"publish","type":"post","link":"https:\/\/politicosaldesnudo.com.mx\/index.php\/2023\/12\/18\/despuntara-turismo-de-negocios-en-el-sur\/","title":{"rendered":"Despuntar\u00e1 turismo  de negocios, en el sur"},"content":{"rendered":"<p><span style=\"font-size: 14pt;\">Xalapa.- Adem\u00e1s de la inversi\u00f3n en los polos de desarrollo en el sur del estado, como parte del proyecto del Istmo de Tehuantepec, la iniciativa privada tambi\u00e9n debe generar infraestructura en materia tur\u00edstica, asever\u00f3 el secretario de Turismo y Cultura (SECTUR), Iv\u00e1n Mart\u00ednez Olvera.<\/span><\/p>\n<p><span style=\"font-size: 14pt;\">En entrevista, el funcionario estatal refiri\u00f3 que con la llega del Tren Interoce\u00e1nico, en el sur del estado se espera que se genere el turismo de negocios, m\u00e1s que el de esparcimiento.<\/span><\/p>\n<p><span style=\"font-size: 14pt;\">\u201cEl turismo de esparcimiento, si bien ocupa un porcentaje significativo en la ocupaci\u00f3n, el m\u00e1s fuerte es el de negocios . Ah\u00ed ya se empieza a desarrollar la infraestructura, adem\u00e1s de los dos puertos, a lo largo de los puntos estrat\u00e9gicos del Tren Interoce\u00e1nico\u201d.<\/span><\/p>\n<p><span style=\"font-size: 14pt;\">Mart\u00ednez Olvera record\u00f3 que cuando se present\u00f3 el proyecto del Istmo de Tehuantepec se establecieron cuatro polos de desarrollo que se concesionaron a diversas empresas y parte de los compromisos es no solo el desarrollo industrial, sino tambi\u00e9n el tur\u00edstico.<\/span><\/p>\n<p><span style=\"font-size: 14pt;\">Y es que,\u00a0 consider\u00f3 que con estos polos de desarrollo se espera la llegada de trabajadores y empresarios que requerir\u00e1n hospedaje y servicios, pero esa infraestructura depende la iniciativa privada.<\/span><\/p>\n","protected":false},"excerpt":{"rendered":"<p>Xalapa.- Adem\u00e1s de la inversi\u00f3n en los polos de desarrollo en el sur del estado, como parte del proyecto del<\/p>\n","protected":false},"author":4,"featured_media":27689,"comment_status":"closed","ping_status":"closed","sticky":false,"template":"","format":"standard","meta":{"colormag_page_container_layout":"default_layout","colormag_page_sidebar_layout":"default_layout","_jetpack_memberships_contains_paid_content":false,"footnotes":"","jetpack_publicize_message":"","jetpack_publicize_feature_enabled":true,"jetpack_social_post_already_shared":false,"jetpack_social_options":{"image_generator_settings":{"template":"highway","default_image_id":0,"font":"","enabled":false},"version":2}},"categories":[30],"tags":[],"class_list":["post-27688","post","type-post","status-publish","format-standard","has-post-thumbnail","hentry","category-estados"],"jetpack_publicize_connections":[],"jetpack_featured_media_url":"https:\/\/i0.wp.com\/politicosaldesnudo.com.mx\/wp-content\/uploads\/2023\/12\/8c-5.jpg?fit=1600%2C900&ssl=1","jetpack-related-posts":[],"jetpack_sharing_enabled":true,"_links":{"self":[{"href":"https:\/\/politicosaldesnudo.com.mx\/index.php\/wp-json\/wp\/v2\/posts\/27688","targetHints":{"allow":["GET"]}}],"collection":[{"href":"https:\/\/politicosaldesnudo.com.mx\/index.php\/wp-json\/wp\/v2\/posts"}],"about":[{"href":"https:\/\/politicosaldesnudo.com.mx\/index.php\/wp-json\/wp\/v2\/types\/post"}],"author":[{"embeddable":true,"href":"https:\/\/politicosaldesnudo.com.mx\/index.php\/wp-json\/wp\/v2\/users\/4"}],"replies":[{"embeddable":true,"href":"https:\/\/politicosaldesnudo.com.mx\/index.php\/wp-json\/wp\/v2\/comments?post=27688"}],"version-history":[{"count":0,"href":"https:\/\/politicosaldesnudo.com.mx\/index.php\/wp-json\/wp\/v2\/posts\/27688\/revisions"}],"wp:featuredmedia":[{"embeddable":true,"href":"https:\/\/politicosaldesnudo.com.mx\/index.php\/wp-json\/wp\/v2\/media\/27689"}],"wp:attachment":[{"href":"https:\/\/politicosaldesnudo.com.mx\/index.php\/wp-json\/wp\/v2\/media?parent=27688"}],"wp:term":[{"taxonomy":"category","embeddable":true,"href":"https:\/\/politicosaldesnudo.com.mx\/index.php\/wp-json\/wp\/v2\/categories?post=27688"},{"taxonomy":"post_tag","embeddable":true,"href":"https:\/\/politicosaldesnudo.com.mx\/index.php\/wp-json\/wp\/v2\/tags?post=27688"}],"curies":[{"name":"wp","href":"https:\/\/api.w.org\/{rel}","templated":true}]}}