{"id":27694,"date":"2023-12-18T09:12:40","date_gmt":"2023-12-18T15:12:40","guid":{"rendered":"https:\/\/politicosaldesnudo.com.mx\/?p=27694"},"modified":"2023-12-18T09:12:40","modified_gmt":"2023-12-18T15:12:40","slug":"cadena-sigue-enfrascado-el-reparto-de-diputaciones","status":"publish","type":"post","link":"https:\/\/politicosaldesnudo.com.mx\/index.php\/2023\/12\/18\/cadena-sigue-enfrascado-el-reparto-de-diputaciones\/","title":{"rendered":"Cadena: sigue enfrascado el reparto de diputaciones"},"content":{"rendered":"<p><span style=\"font-size: 14pt;\">El dirigente del Partido de la Revoluci\u00f3n Democr\u00e1tica (PRD) en Veracruz, Sergio Cadena, coment\u00f3 que siguen \u201cenfrascadas\u201d las negociaciones de la alianza local, debido a que no se han logrado poner de acuerdo sobre la distribuci\u00f3n de 30 diputaciones locales.<\/span><\/p>\n<p><span style=\"font-size: 14pt;\">Reconoci\u00f3 que los tres partidos tienen candidatos fuertes en algunos distritos electorales, lo que complica el reparto; en el caso federal ya acordaron la distribuci\u00f3n. Explic\u00f3 que junto al Revolucionario Institucional (PRI) y Acci\u00f3n Nacional (PAN) buscan postular candidatos en Papantla, Poza Rica, San Andr\u00e9s Tuxtla, Perote y R\u00edo Blanco, entre otros distritos, y aunque reconoci\u00f3 que les podr\u00eda llevar tiempo lograr un acuerdo est\u00e1n avanzando.\u00a0<\/span><\/p>\n<blockquote><p><span style=\"font-size: 14pt;\">\u201cHemos tenido una pl\u00e1tica constructiva muy importante con PAN y PRI, estamos enfrascados porque tenemos intereses, pero veo muy buena voluntad, estoy convencido de que vamos a construir una alianza poderosa, fuerte, que pueda quitarle el gobierno a Movimiento Regeneraci\u00f3n Nacional (Morena)\u201d.<\/span><\/p><\/blockquote>\n<p><span style=\"font-size: 14pt;\">Se\u00f1al\u00f3 que sigue el di\u00e1logo para tener los mejores resultados en la elecci\u00f3n del 2 de junio del 2024.<\/span><\/p>\n<blockquote><p><span style=\"font-size: 14pt;\">\u201cA nosotros nos interesa Papantla, Poza Rica, Zongolica, Perote inclusive, R\u00edo Blanco, San Andr\u00e9s Tuxtla; tenemos las tres fuerzas importantes; hay pl\u00e1ticas intensas pero vamos a salir\u201d.<\/span><\/p><\/blockquote>\n","protected":false},"excerpt":{"rendered":"<p>El dirigente del Partido de la Revoluci\u00f3n Democr\u00e1tica (PRD) en Veracruz, Sergio Cadena, coment\u00f3 que siguen \u201cenfrascadas\u201d las negociaciones de<\/p>\n","protected":false},"author":4,"featured_media":27695,"comment_status":"closed","ping_status":"closed","sticky":false,"template":"","format":"standard","meta":{"colormag_page_container_layout":"default_layout","colormag_page_sidebar_layout":"default_layout","_jetpack_memberships_contains_paid_content":false,"footnotes":"","jetpack_publicize_message":"","jetpack_publicize_feature_enabled":true,"jetpack_social_post_already_shared":false,"jetpack_social_options":{"image_generator_settings":{"template":"highway","default_image_id":0,"font":"","enabled":false},"version":2}},"categories":[30],"tags":[],"class_list":["post-27694","post","type-post","status-publish","format-standard","has-post-thumbnail","hentry","category-estados"],"jetpack_publicize_connections":[],"jetpack_featured_media_url":"https:\/\/i0.wp.com\/politicosaldesnudo.com.mx\/wp-content\/uploads\/2023\/12\/sergio-cadena-840x559-1.jpeg?fit=840%2C559&ssl=1","jetpack-related-posts":[],"jetpack_sharing_enabled":true,"_links":{"self":[{"href":"https:\/\/politicosaldesnudo.com.mx\/index.php\/wp-json\/wp\/v2\/posts\/27694","targetHints":{"allow":["GET"]}}],"collection":[{"href":"https:\/\/politicosaldesnudo.com.mx\/index.php\/wp-json\/wp\/v2\/posts"}],"about":[{"href":"https:\/\/politicosaldesnudo.com.mx\/index.php\/wp-json\/wp\/v2\/types\/post"}],"author":[{"embeddable":true,"href":"https:\/\/politicosaldesnudo.com.mx\/index.php\/wp-json\/wp\/v2\/users\/4"}],"replies":[{"embeddable":true,"href":"https:\/\/politicosaldesnudo.com.mx\/index.php\/wp-json\/wp\/v2\/comments?post=27694"}],"version-history":[{"count":0,"href":"https:\/\/politicosaldesnudo.com.mx\/index.php\/wp-json\/wp\/v2\/posts\/27694\/revisions"}],"wp:featuredmedia":[{"embeddable":true,"href":"https:\/\/politicosaldesnudo.com.mx\/index.php\/wp-json\/wp\/v2\/media\/27695"}],"wp:attachment":[{"href":"https:\/\/politicosaldesnudo.com.mx\/index.php\/wp-json\/wp\/v2\/media?parent=27694"}],"wp:term":[{"taxonomy":"category","embeddable":true,"href":"https:\/\/politicosaldesnudo.com.mx\/index.php\/wp-json\/wp\/v2\/categories?post=27694"},{"taxonomy":"post_tag","embeddable":true,"href":"https:\/\/politicosaldesnudo.com.mx\/index.php\/wp-json\/wp\/v2\/tags?post=27694"}],"curies":[{"name":"wp","href":"https:\/\/api.w.org\/{rel}","templated":true}]}}