{"id":27710,"date":"2023-12-18T09:48:02","date_gmt":"2023-12-18T15:48:02","guid":{"rendered":"https:\/\/politicosaldesnudo.com.mx\/?p=27710"},"modified":"2023-12-18T09:48:30","modified_gmt":"2023-12-18T15:48:30","slug":"caos-por-cierre-de-la-terminal-pantitlan-por-obras-de-renivelacion","status":"publish","type":"post","link":"https:\/\/politicosaldesnudo.com.mx\/index.php\/2023\/12\/18\/caos-por-cierre-de-la-terminal-pantitlan-por-obras-de-renivelacion\/","title":{"rendered":"Caos por cierre de la terminal Pantitl\u00e1n por obras de renivelaci\u00f3n"},"content":{"rendered":"<p><span style=\"font-size: 14pt;\">CDMX.- Largu\u00edsimas filas en la terminal Pantitl\u00e1n, quejas por los retrasos que les genera el tiempo que les toma caminar y desorientaci\u00f3n para ubicar la zona donde se ubica la Letra \u201cM\u201d del paradero Pantitl\u00e1n,\u00a0donde pueden abordar las unidades de Metrob\u00fas hacia Vel\u00f3dromo, reportan este lunes usuarios de la L\u00ednea 9 del Metro.<\/span><\/p>\n<p><span style=\"font-size: 14pt;\">Esta ma\u00f1ana tambi\u00e9n se dispuso un servicio de Troleb\u00fas que est\u00e1 saliendo del And\u00e9n \u201cH\u201d con un costo de 4 pesos, brigadistas informan a los usuarios que pueden dirigirse hacia ese and\u00e9n donde el troleb\u00fas ir\u00e1 tambi\u00e9n hacia Vel\u00f3dromo.<\/span><\/p>\n<p><span style=\"font-size: 14pt;\">La medida afecta a los usuarios porque, a pesar de que hay vacaciones, hay mucho tr\u00e1fico.<\/span><\/p>\n<p><span style=\"font-size: 14pt;\">A partir del domingo, el Sistema de Transporte Colectivo Metro inici\u00f3 los trabajos de renivelaci\u00f3n en el tramo Pantitl\u00e1n, Puebla y Ciudad Deportiva, raz\u00f3n por la cual el servicio ser\u00e1 de Vel\u00f3dromo hacia Tacubaya y viceversa.<\/span><\/p>\n<p><span style=\"font-size: 14pt;\">Varios de los usuarios se emplean como guardias de seguridad.<\/span><\/p>\n<p><span style=\"font-size: 14pt;\">Mart\u00edn Amaya, guardia de seguridad, comenta que \u00e9l ocupa la L\u00ednea 9 de Pantitl\u00e1n hacia Tacubaya, aunque ahora lo har\u00e1 desde Vel\u00f3dromo, a\u00f1ade que esta ma\u00f1ana el traslado es complicado, \u201chay mucho tr\u00e1fico y retrasos y pues hay que salir m\u00e1s temprano para llegar a tiempo, yo salgo a las cinco de la ma\u00f1ana normalmente, pero hoy tuve que hacerlo a las 4:30 de la madrugada; voy hasta Barranca del Muerto.<\/span><\/p>\n<p><span style=\"font-size: 14pt;\">\u201cDe regreso tengo que otra vez que llegar a Pantitl\u00e1n y de ah\u00ed hasta Chimalhuac\u00e1n, por todo el recorrido hago tres horas de ida y a veces m\u00e1s de regreso\u201d.<\/span><\/p>\n<p><span style=\"font-size: 14pt;\">De forma particular, los usuarios de la L\u00ednea A pueden agilizar su traslado sin que necesariamente tengan que llegar a Pantitl\u00e1n, ya que la Red de Transporte de Pasajeros ofrece un servicio de la estaci\u00f3n Agr\u00edcola Oriental a L\u00e1zaro C\u00e1rdenas, con paradas en Vel\u00f3dromo, Mixiuhca, Jamaica, Chabacano y L\u00e1zaro C\u00e1rdenas.<\/span><\/p>\n<p><span style=\"font-size: 14pt;\">El costo de pasaje es de cinco pesos y operar\u00e1 en el mismo horario del Metro: lunes a viernes de 05:00 a 00:00 horas, s\u00e1bados de 06:00 a 00:00 horas, y domingos de 07:00 a 00:00 horas.<\/span><\/p>\n<p><span style=\"font-size: 14pt;\">La segunda alternativa es una ampliaci\u00f3n de la L\u00ednea 9 de Troleb\u00fas, que permite conectar a los pasajeros con las L\u00edneas 2, 8 y A del Metro; la cual, funciona como ruta expr\u00e9s de Villa de Cort\u00e9s a Tepalcates.<\/span><\/p>\n<p><span style=\"font-size: 14pt;\">La tercera opci\u00f3n es la nueva ruta de Metrob\u00fas que va de Pantitl\u00e1n a Vel\u00f3dromo, que permite conectar con la L\u00ednea 9 del Metro. Las unidades realizar\u00e1n paradas en Pantitl\u00e1n, Puebla y Vel\u00f3dromo -no as\u00ed, en la estaci\u00f3n Ciudad Deportiva.<\/span><\/p>\n<p><span style=\"font-size: 14pt;\">Adicionalmente, para llegar a su destino, la poblaci\u00f3n de la zona oriente del Valle de M\u00e9xico cuenta con la posibilidad de las diferentes interconexiones de la red del Metro a trav\u00e9s de las L\u00edneas 3, 4, 5 y 8, as\u00ed como la L\u00ednea 2 del Metrob\u00fas que va de Tepalcates a Mixhiuca, y las unidades del Corredor SAUSA que circulan de Tepalcates a Tacubaya.<\/span><\/p>\n","protected":false},"excerpt":{"rendered":"<p>CDMX.- Largu\u00edsimas filas en la terminal Pantitl\u00e1n, quejas por los retrasos que les genera el tiempo que les toma caminar<\/p>\n","protected":false},"author":4,"featured_media":27711,"comment_status":"closed","ping_status":"closed","sticky":false,"template":"","format":"standard","meta":{"colormag_page_container_layout":"default_layout","colormag_page_sidebar_layout":"default_layout","_jetpack_memberships_contains_paid_content":false,"footnotes":"","jetpack_publicize_message":"","jetpack_publicize_feature_enabled":true,"jetpack_social_post_already_shared":false,"jetpack_social_options":{"image_generator_settings":{"template":"highway","default_image_id":0,"font":"","enabled":false},"version":2}},"categories":[30],"tags":[],"class_list":["post-27710","post","type-post","status-publish","format-standard","has-post-thumbnail","hentry","category-estados"],"jetpack_publicize_connections":[],"jetpack_featured_media_url":"https:\/\/i0.wp.com\/politicosaldesnudo.com.mx\/wp-content\/uploads\/2023\/12\/caos.jpg?fit=1024%2C768&ssl=1","jetpack-related-posts":[],"jetpack_sharing_enabled":true,"_links":{"self":[{"href":"https:\/\/politicosaldesnudo.com.mx\/index.php\/wp-json\/wp\/v2\/posts\/27710","targetHints":{"allow":["GET"]}}],"collection":[{"href":"https:\/\/politicosaldesnudo.com.mx\/index.php\/wp-json\/wp\/v2\/posts"}],"about":[{"href":"https:\/\/politicosaldesnudo.com.mx\/index.php\/wp-json\/wp\/v2\/types\/post"}],"author":[{"embeddable":true,"href":"https:\/\/politicosaldesnudo.com.mx\/index.php\/wp-json\/wp\/v2\/users\/4"}],"replies":[{"embeddable":true,"href":"https:\/\/politicosaldesnudo.com.mx\/index.php\/wp-json\/wp\/v2\/comments?post=27710"}],"version-history":[{"count":0,"href":"https:\/\/politicosaldesnudo.com.mx\/index.php\/wp-json\/wp\/v2\/posts\/27710\/revisions"}],"wp:featuredmedia":[{"embeddable":true,"href":"https:\/\/politicosaldesnudo.com.mx\/index.php\/wp-json\/wp\/v2\/media\/27711"}],"wp:attachment":[{"href":"https:\/\/politicosaldesnudo.com.mx\/index.php\/wp-json\/wp\/v2\/media?parent=27710"}],"wp:term":[{"taxonomy":"category","embeddable":true,"href":"https:\/\/politicosaldesnudo.com.mx\/index.php\/wp-json\/wp\/v2\/categories?post=27710"},{"taxonomy":"post_tag","embeddable":true,"href":"https:\/\/politicosaldesnudo.com.mx\/index.php\/wp-json\/wp\/v2\/tags?post=27710"}],"curies":[{"name":"wp","href":"https:\/\/api.w.org\/{rel}","templated":true}]}}