{"id":27734,"date":"2023-12-18T11:16:05","date_gmt":"2023-12-18T17:16:05","guid":{"rendered":"https:\/\/politicosaldesnudo.com.mx\/?p=27734"},"modified":"2023-12-18T11:16:05","modified_gmt":"2023-12-18T17:16:05","slug":"caida-marginal-de-oferta-y-demanda-agregada-en-el-tercer-trimestre","status":"publish","type":"post","link":"https:\/\/politicosaldesnudo.com.mx\/index.php\/2023\/12\/18\/caida-marginal-de-oferta-y-demanda-agregada-en-el-tercer-trimestre\/","title":{"rendered":"Ca\u00edda marginal de oferta y demanda agregada en el tercer trimestre"},"content":{"rendered":"<p><span style=\"font-size: 14pt;\">La inversi\u00f3n fija bruta, integrada por los bienes utilizados en el proceso productivo, volvi\u00f3 a darle impulso a la oferta y demanda agregada en M\u00e9xico durante el tercer trimestre de 2023, ligando cuatro trimestres consecutivos de crecimiento, pero no pudo compensar el descenso de las exportaciones.<\/span><\/p>\n<p><span style=\"font-size: 14pt;\">El Instituto Nacional de Estad\u00edstica y Geograf\u00eda (Inegi) revel\u00f3 este lunes que la oferta y demanda agregada del tercer trimestre de 2023 cayeron marginalmente 0.02 por ciento frente al segundo trimestre del presente a\u00f1o; mientras que frente al mismo periodo de 2022 se desaceler\u00f3 a 2.8 por ciento.<\/span><\/p>\n<p><span style=\"font-size: 14pt;\">De acuerdo con el reporte: Indicadores Trimestrales de la Oferta y Demanda y del Ahorro Bruto del tercer trimestre de 2023, en la demanda, destac\u00f3 el alza en la inversi\u00f3n de 4.4 por ciento trimestral, hilando su cuarto avance trimestral consecutivo,\u00a0y apoyada por la construcci\u00f3n,\u00a0aunque a una menor velocidad. No obstante, la inversi\u00f3n fija se aceler\u00f3 en su medici\u00f3n anual, al pasar de un crecimiento de 19.7 por ciento anual en el segundo trimestre a 25.5 por ciento anual en el tercer trimestre.<\/span><\/p>\n<p><span style=\"font-size: 14pt;\">En tanto, el consumo privado tambi\u00e9n aceler\u00f3 su ritmo de crecimiento a 1.2 por ciento trimestral, el avance n\u00famero 13 consecutivo; mientras que con respecto al tercer trimestre de 2022, el consumo se aceler\u00f3 a 4.3 por ciento. Por su parte, el consumo de gobierno creci\u00f3 0.5 por ciento en el tercer trimestre, luego del 1.2 por ciento del trimestre previo. En su comparaci\u00f3n anual subi\u00f3 2.2 por ciento.<\/span><\/p>\n<p><span style=\"font-size: 14pt;\">La ca\u00edda trimestral de la oferta y demanda estuvo fuertemente relacionada con la ca\u00edda de las exportaciones en el tercer trimestre, con una contracci\u00f3n de 3.5 por ciento trimestral, la cuarta lectura consecutiva a la baja; y en los \u00faltimos 12 meses descendi\u00f3 11.8 por ciento anual, el descenso m\u00e1s marcado desde el segundo trimestre de 2020, cuando se evidenci\u00f3 la pandemia de covid- 19 e, hil\u00f3 tres descensos anuales.<\/span><\/p>\n<p><span style=\"font-size: 14pt;\">Por el lado de la oferta, integrada por el producto interno bruto (PIB), que creci\u00f3 1.1 por ciento trimestral en el periodo de referencia, ligando ocho trimestres de alzas; y las importaciones de bienes y servicios, que se contrajeron 2.3 por ciento en julio-septiembre de 2023, luego del avance de 0.7 por ciento del segundo trimestre del presente a\u00f1o. En su medici\u00f3n anual, el PIB avanz\u00f3 3.3 por ciento y las importaciones 1.8 por ciento.<\/span><\/p>\n<p><span style=\"font-size: 14pt;\">El Indicador Trimestral del Ahorro Bruto (ITAB) representa la parte del ingreso generado en la producci\u00f3n, interna o exterior, que no se gasta en bienes y servicios de consumo final. Este permite financiar la adquisici\u00f3n de activos por parte de los agentes econ\u00f3micos.<\/span><\/p>\n<p><span style=\"font-size: 14pt;\">En el tercer trimestre de 2023 y con cifras desestacionalizadas, el ITAB, a precios corrientes, aument\u00f3 1.6 por ciento con relaci\u00f3n al trimestre previo.<\/span><\/p>\n<p><span style=\"font-size: 14pt;\">El ahorro en la econom\u00eda interna creci\u00f3 5.6 por ciento a tasa trimestral. El financiamiento proveniente del exterior mostr\u00f3 una variaci\u00f3n negativa en el trimestre de referencia.<\/span><\/p>\n","protected":false},"excerpt":{"rendered":"<p>La inversi\u00f3n fija bruta, integrada por los bienes utilizados en el proceso productivo, volvi\u00f3 a darle impulso a la oferta<\/p>\n","protected":false},"author":4,"featured_media":27735,"comment_status":"closed","ping_status":"closed","sticky":false,"template":"","format":"standard","meta":{"colormag_page_container_layout":"default_layout","colormag_page_sidebar_layout":"default_layout","_jetpack_memberships_contains_paid_content":false,"footnotes":"","jetpack_publicize_message":"","jetpack_publicize_feature_enabled":true,"jetpack_social_post_already_shared":false,"jetpack_social_options":{"image_generator_settings":{"template":"highway","default_image_id":0,"font":"","enabled":false},"version":2}},"categories":[2050],"tags":[],"class_list":["post-27734","post","type-post","status-publish","format-standard","has-post-thumbnail","hentry","category-economia"],"jetpack_publicize_connections":[],"jetpack_featured_media_url":"https:\/\/i0.wp.com\/politicosaldesnudo.com.mx\/wp-content\/uploads\/2023\/12\/synergieeffekte-im-suchmaschinenmarketing-t.jpg?fit=1200%2C630&ssl=1","jetpack-related-posts":[],"jetpack_sharing_enabled":true,"_links":{"self":[{"href":"https:\/\/politicosaldesnudo.com.mx\/index.php\/wp-json\/wp\/v2\/posts\/27734","targetHints":{"allow":["GET"]}}],"collection":[{"href":"https:\/\/politicosaldesnudo.com.mx\/index.php\/wp-json\/wp\/v2\/posts"}],"about":[{"href":"https:\/\/politicosaldesnudo.com.mx\/index.php\/wp-json\/wp\/v2\/types\/post"}],"author":[{"embeddable":true,"href":"https:\/\/politicosaldesnudo.com.mx\/index.php\/wp-json\/wp\/v2\/users\/4"}],"replies":[{"embeddable":true,"href":"https:\/\/politicosaldesnudo.com.mx\/index.php\/wp-json\/wp\/v2\/comments?post=27734"}],"version-history":[{"count":0,"href":"https:\/\/politicosaldesnudo.com.mx\/index.php\/wp-json\/wp\/v2\/posts\/27734\/revisions"}],"wp:featuredmedia":[{"embeddable":true,"href":"https:\/\/politicosaldesnudo.com.mx\/index.php\/wp-json\/wp\/v2\/media\/27735"}],"wp:attachment":[{"href":"https:\/\/politicosaldesnudo.com.mx\/index.php\/wp-json\/wp\/v2\/media?parent=27734"}],"wp:term":[{"taxonomy":"category","embeddable":true,"href":"https:\/\/politicosaldesnudo.com.mx\/index.php\/wp-json\/wp\/v2\/categories?post=27734"},{"taxonomy":"post_tag","embeddable":true,"href":"https:\/\/politicosaldesnudo.com.mx\/index.php\/wp-json\/wp\/v2\/tags?post=27734"}],"curies":[{"name":"wp","href":"https:\/\/api.w.org\/{rel}","templated":true}]}}