{"id":27738,"date":"2023-12-18T11:18:58","date_gmt":"2023-12-18T17:18:58","guid":{"rendered":"https:\/\/politicosaldesnudo.com.mx\/?p=27738"},"modified":"2023-12-18T11:18:58","modified_gmt":"2023-12-18T17:18:58","slug":"buscan-a-naufrago-en-tuxpan","status":"publish","type":"post","link":"https:\/\/politicosaldesnudo.com.mx\/index.php\/2023\/12\/18\/buscan-a-naufrago-en-tuxpan\/","title":{"rendered":"Buscan a naufrago en Tuxpan"},"content":{"rendered":"<p><span style=\"font-size: 14pt;\">Tuxpan.- <\/span><span style=\"font-size: 14pt;\">Autoridades de la Secretar\u00eda de Marina informaron que contin\u00faan la b\u00fasqueda de un ciudadano perdido en aguas del Golfo de M\u00e9xico, entre los l\u00edmites de Tuxpan y Tamiahua, con el objetivo de rescatarlo y llevarlo con sus familiares.<\/span><\/p>\n<p><span style=\"font-size: 14pt;\">Se trata del capit\u00e1n de la embarcaci\u00f3n camaronera de nombre Propemex 1A1, Jos\u00e9 Cipriano Jim\u00e9nez Gallardo de 57 a\u00f1os, la cual encall\u00f3 en la zona del Sistema Arrecifal Lobos Tuxpan, en inmediaciones del sur de la Isla Lobos y que estaba acompa\u00f1ado de seis tripulantes m\u00e1s que por fortuna ya fueron rescatados y entregados a sus familias en el municipio de Alvarado, de donde son originarios.<\/span><\/p>\n<p><img data-recalc-dims=\"1\" loading=\"lazy\" decoding=\"async\" class=\"aligncenter size-large wp-image-27739\" src=\"https:\/\/i0.wp.com\/politicosaldesnudo.com.mx\/wp-content\/uploads\/2023\/12\/5a-1024x727.jpg?resize=800%2C568&#038;ssl=1\" alt=\"\" width=\"800\" height=\"568\" srcset=\"https:\/\/i0.wp.com\/politicosaldesnudo.com.mx\/wp-content\/uploads\/2023\/12\/5a.jpg?resize=1024%2C727&amp;ssl=1 1024w, https:\/\/i0.wp.com\/politicosaldesnudo.com.mx\/wp-content\/uploads\/2023\/12\/5a.jpg?resize=300%2C213&amp;ssl=1 300w, https:\/\/i0.wp.com\/politicosaldesnudo.com.mx\/wp-content\/uploads\/2023\/12\/5a.jpg?resize=768%2C545&amp;ssl=1 768w, https:\/\/i0.wp.com\/politicosaldesnudo.com.mx\/wp-content\/uploads\/2023\/12\/5a.jpg?w=1353&amp;ssl=1 1353w\" sizes=\"auto, (max-width: 800px) 100vw, 800px\" \/><\/p>\n<p><span style=\"font-size: 14pt;\">Inclusive la Fiscal\u00eda del Estado ya emiti\u00f3 su ficha de b\u00fasqueda por su desaparici\u00f3n desde el pasado 10 de diciembre y de acuerdo con el reporte de la dependencia, el representante de la embarcaci\u00f3n salt\u00f3 al mar cuando el barco encall\u00f3, tratando de llegar a tierra, pero por el fuerte oleaje y el viento se perdi\u00f3.<\/span><\/p>\n<p><span style=\"font-size: 14pt;\">La Secretar\u00eda de Marina a trav\u00e9s de la Armada de M\u00e9xico, por conducto de la Quinta Zona Naval, inform\u00f3 que sigue activado el protocolo de emergencia SAR de B\u00fasqueda, Rescate y Vigilancia Mar\u00edtima con el fin de localizar y rescatar con vida al tripulante, refrendando su compromiso con la ciudadan\u00eda de salvaguardar la vida humana en la mar, en coordinaci\u00f3n con autoridades de los tres \u00f3rdenes de gobierno.<\/span><\/p>\n","protected":false},"excerpt":{"rendered":"<p>Tuxpan.- Autoridades de la Secretar\u00eda de Marina informaron que contin\u00faan la b\u00fasqueda de un ciudadano perdido en aguas del Golfo<\/p>\n","protected":false},"author":4,"featured_media":27740,"comment_status":"closed","ping_status":"closed","sticky":false,"template":"","format":"standard","meta":{"colormag_page_container_layout":"default_layout","colormag_page_sidebar_layout":"default_layout","_jetpack_memberships_contains_paid_content":false,"footnotes":"","jetpack_publicize_message":"","jetpack_publicize_feature_enabled":true,"jetpack_social_post_already_shared":false,"jetpack_social_options":{"image_generator_settings":{"template":"highway","default_image_id":0,"font":"","enabled":false},"version":2}},"categories":[1082],"tags":[],"class_list":["post-27738","post","type-post","status-publish","format-standard","has-post-thumbnail","hentry","category-tuxpan"],"jetpack_publicize_connections":[],"jetpack_featured_media_url":"https:\/\/i0.wp.com\/politicosaldesnudo.com.mx\/wp-content\/uploads\/2023\/12\/5a1.jpg?fit=817%2C512&ssl=1","jetpack-related-posts":[],"jetpack_sharing_enabled":true,"_links":{"self":[{"href":"https:\/\/politicosaldesnudo.com.mx\/index.php\/wp-json\/wp\/v2\/posts\/27738","targetHints":{"allow":["GET"]}}],"collection":[{"href":"https:\/\/politicosaldesnudo.com.mx\/index.php\/wp-json\/wp\/v2\/posts"}],"about":[{"href":"https:\/\/politicosaldesnudo.com.mx\/index.php\/wp-json\/wp\/v2\/types\/post"}],"author":[{"embeddable":true,"href":"https:\/\/politicosaldesnudo.com.mx\/index.php\/wp-json\/wp\/v2\/users\/4"}],"replies":[{"embeddable":true,"href":"https:\/\/politicosaldesnudo.com.mx\/index.php\/wp-json\/wp\/v2\/comments?post=27738"}],"version-history":[{"count":0,"href":"https:\/\/politicosaldesnudo.com.mx\/index.php\/wp-json\/wp\/v2\/posts\/27738\/revisions"}],"wp:featuredmedia":[{"embeddable":true,"href":"https:\/\/politicosaldesnudo.com.mx\/index.php\/wp-json\/wp\/v2\/media\/27740"}],"wp:attachment":[{"href":"https:\/\/politicosaldesnudo.com.mx\/index.php\/wp-json\/wp\/v2\/media?parent=27738"}],"wp:term":[{"taxonomy":"category","embeddable":true,"href":"https:\/\/politicosaldesnudo.com.mx\/index.php\/wp-json\/wp\/v2\/categories?post=27738"},{"taxonomy":"post_tag","embeddable":true,"href":"https:\/\/politicosaldesnudo.com.mx\/index.php\/wp-json\/wp\/v2\/tags?post=27738"}],"curies":[{"name":"wp","href":"https:\/\/api.w.org\/{rel}","templated":true}]}}