{"id":27742,"date":"2023-12-18T11:21:18","date_gmt":"2023-12-18T17:21:18","guid":{"rendered":"https:\/\/politicosaldesnudo.com.mx\/?p=27742"},"modified":"2023-12-18T11:21:18","modified_gmt":"2023-12-18T17:21:18","slug":"instalan-villa-navidena","status":"publish","type":"post","link":"https:\/\/politicosaldesnudo.com.mx\/index.php\/2023\/12\/18\/instalan-villa-navidena\/","title":{"rendered":"Instalan Villa Navide\u00f1a"},"content":{"rendered":"<p><span style=\"font-size: 14pt;\">Tuxpan.- Por primera vez en este municipio fue instalada una Villa Navide\u00f1a para deleite de chicos y grandes, una iniciativa, que tiene como objetivo fortalecer la convivencia familiar y rescatar un espacio p\u00fablico en la localidad.<\/span><\/p>\n<p><span style=\"font-size: 14pt;\">El promotor del proyecto Luis Lagunes, se\u00f1al\u00f3 que esta villa, ubicada en el popularmente conocido Callej\u00f3n Roa B\u00e1rcenas, a un costado de una sucursal de refacciones para autos, dijo que la intenci\u00f3n era hacer algo diferente en Tuxpan, no solo un tianguis de venta de art\u00edculos navide\u00f1os, sino un espacio donde se viviera la navidad.<\/span><\/p>\n<p><img data-recalc-dims=\"1\" loading=\"lazy\" decoding=\"async\" class=\"aligncenter size-large wp-image-27744\" src=\"https:\/\/i0.wp.com\/politicosaldesnudo.com.mx\/wp-content\/uploads\/2023\/12\/2b1-1024x465.jpg?resize=800%2C363&#038;ssl=1\" alt=\"\" width=\"800\" height=\"363\" srcset=\"https:\/\/i0.wp.com\/politicosaldesnudo.com.mx\/wp-content\/uploads\/2023\/12\/2b1.jpg?resize=1024%2C465&amp;ssl=1 1024w, https:\/\/i0.wp.com\/politicosaldesnudo.com.mx\/wp-content\/uploads\/2023\/12\/2b1.jpg?resize=300%2C136&amp;ssl=1 300w, https:\/\/i0.wp.com\/politicosaldesnudo.com.mx\/wp-content\/uploads\/2023\/12\/2b1.jpg?resize=768%2C349&amp;ssl=1 768w, https:\/\/i0.wp.com\/politicosaldesnudo.com.mx\/wp-content\/uploads\/2023\/12\/2b1.jpg?w=1040&amp;ssl=1 1040w\" sizes=\"auto, (max-width: 800px) 100vw, 800px\" \/><\/p>\n<p><span style=\"font-size: 14pt;\">En esta villa, los ciudadanos podr\u00e1n encontrar la Casa de la Navidad, con todo lo referente a estas fechas, desde luces, pinos y el primer<\/span><\/p>\n<p><span style=\"font-size: 14pt;\">Taller de Santa, donde reparan luces navide\u00f1as, que la poblaci\u00f3n puede llevar, con calidad en los productos, adem\u00e1s si alguna serie que adquieran les falla, se las podr\u00e1n cambiar sin ning\u00fan problema.<\/span><\/p>\n<p><span style=\"font-size: 14pt;\">Indic\u00f3 que m\u00e1s que un espacio comercial, es un lugar familiar, donde pueden ir las familias a tomarse la foto, teniendo como escenario una cantidad diferente de luces y formas iluminadas.<\/span><\/p>\n<p><span style=\"font-size: 14pt;\">Estar\u00e1n instalados en este espacio, todo el mes de diciembre y hasta el d\u00eda 6 de enero de 2024, porque adem\u00e1s tienen venta de juguetes, por lo que invitan a todos los ciudadanos a visitarlos, tomarse las fotos en los diferentes arreglos que colocaron, gracias a los t\u00e9cnicos profesionales de multiservicios e invit\u00f3 a los comerciantes que deseen instalarse en este lugar para exponer sus productos, lo pueden hacer, puesto que a\u00fan tienen espacio suficiente.<\/span><\/p>\n<p><span style=\"font-size: 14pt;\">Vecinos entrevistados, agradecieron la iniciativa de colocar la villa, pues aseguraron que le dieron vida a este lugar que por muchos a\u00f1os luci\u00f3 abandonado, lleno de basura y como nido de delincuentes.<\/span><\/p>\n","protected":false},"excerpt":{"rendered":"<p>Tuxpan.- Por primera vez en este municipio fue instalada una Villa Navide\u00f1a para deleite de chicos y grandes, una iniciativa,<\/p>\n","protected":false},"author":4,"featured_media":27744,"comment_status":"closed","ping_status":"closed","sticky":false,"template":"","format":"standard","meta":{"colormag_page_container_layout":"default_layout","colormag_page_sidebar_layout":"default_layout","_jetpack_memberships_contains_paid_content":false,"footnotes":"","jetpack_publicize_message":"","jetpack_publicize_feature_enabled":true,"jetpack_social_post_already_shared":false,"jetpack_social_options":{"image_generator_settings":{"template":"highway","default_image_id":0,"font":"","enabled":false},"version":2}},"categories":[1082],"tags":[],"class_list":["post-27742","post","type-post","status-publish","format-standard","has-post-thumbnail","hentry","category-tuxpan"],"jetpack_publicize_connections":[],"jetpack_featured_media_url":"https:\/\/i0.wp.com\/politicosaldesnudo.com.mx\/wp-content\/uploads\/2023\/12\/2b1.jpg?fit=1040%2C472&ssl=1","jetpack-related-posts":[],"jetpack_sharing_enabled":true,"_links":{"self":[{"href":"https:\/\/politicosaldesnudo.com.mx\/index.php\/wp-json\/wp\/v2\/posts\/27742","targetHints":{"allow":["GET"]}}],"collection":[{"href":"https:\/\/politicosaldesnudo.com.mx\/index.php\/wp-json\/wp\/v2\/posts"}],"about":[{"href":"https:\/\/politicosaldesnudo.com.mx\/index.php\/wp-json\/wp\/v2\/types\/post"}],"author":[{"embeddable":true,"href":"https:\/\/politicosaldesnudo.com.mx\/index.php\/wp-json\/wp\/v2\/users\/4"}],"replies":[{"embeddable":true,"href":"https:\/\/politicosaldesnudo.com.mx\/index.php\/wp-json\/wp\/v2\/comments?post=27742"}],"version-history":[{"count":0,"href":"https:\/\/politicosaldesnudo.com.mx\/index.php\/wp-json\/wp\/v2\/posts\/27742\/revisions"}],"wp:featuredmedia":[{"embeddable":true,"href":"https:\/\/politicosaldesnudo.com.mx\/index.php\/wp-json\/wp\/v2\/media\/27744"}],"wp:attachment":[{"href":"https:\/\/politicosaldesnudo.com.mx\/index.php\/wp-json\/wp\/v2\/media?parent=27742"}],"wp:term":[{"taxonomy":"category","embeddable":true,"href":"https:\/\/politicosaldesnudo.com.mx\/index.php\/wp-json\/wp\/v2\/categories?post=27742"},{"taxonomy":"post_tag","embeddable":true,"href":"https:\/\/politicosaldesnudo.com.mx\/index.php\/wp-json\/wp\/v2\/tags?post=27742"}],"curies":[{"name":"wp","href":"https:\/\/api.w.org\/{rel}","templated":true}]}}