{"id":27839,"date":"2023-12-20T12:00:19","date_gmt":"2023-12-20T18:00:19","guid":{"rendered":"https:\/\/politicosaldesnudo.com.mx\/?p=27839"},"modified":"2023-12-20T12:00:19","modified_gmt":"2023-12-20T18:00:19","slug":"seguiran-en-la-carcel-ocho-militares-ligados-al-caso-de-los-43","status":"publish","type":"post","link":"https:\/\/politicosaldesnudo.com.mx\/index.php\/2023\/12\/20\/seguiran-en-la-carcel-ocho-militares-ligados-al-caso-de-los-43\/","title":{"rendered":"Seguir\u00e1n en la c\u00e1rcel ocho militares ligados al caso de los 43"},"content":{"rendered":"<div class=\"col col1\">\n<p class=\"s-s\"><span style=\"font-size: 14pt;\">La jueza Raquel Ivette Duarte Cedillo, titular del juzgado segundo de distrito en procesos penales federales con sede en Toluca, estado de M\u00e9xico, confirm\u00f3 la prisi\u00f3n preventiva en contra de los ocho militares acusados por la desaparici\u00f3n de los 43 estudiantes de la Escuela Normal Rural Ra\u00fal Isidro Burgos, luego de que un colegiado determin\u00f3 que ten\u00eda que analizar la modificaci\u00f3n de la prisi\u00f3n oficiosa dictada.<\/span><\/p>\n<p><span style=\"font-size: 14pt;\">A pesar de que la defensa argument\u00f3 que no deb\u00eda decretarse de manera autom\u00e1tica, sino que ten\u00eda que discutirse, la impartidora de justicia sostuvo que el delito de desaparici\u00f3n forzada que la Fiscal\u00eda General de la Rep\u00fablica (FGR) les imput\u00f3 se cometi\u00f3 cuando estaba vigente el sistema penal inquisitivo, motivo por el cual, sostuvo, la prisi\u00f3n preventiva se ten\u00eda que decretar en autom\u00e1tico.<\/span><\/p>\n<p><span style=\"font-size: 14pt;\">La defensa de los militares estaba confiada en que se modificar\u00eda la prisi\u00f3n oficiosa y se ordenar\u00eda la libertad de sus clientes por no existir riesgo de fuga, pues est\u00e1 el antecedente del cambio de medida cautelar decretado en favor del general Rafael Hern\u00e1ndez, quien desde agosto pasado enfrenta su proceso penal fuera de prisi\u00f3n, luego de que un juez de amparo le concedi\u00f3 la protecci\u00f3n de la justicia federal.<\/span><\/p>\n<\/div>\n<div class=\"col col2\">\n<p><span style=\"font-size: 14pt;\">En junio de este a\u00f1o, la FGR pidi\u00f3 que declarara\u00a0<q>Juan<\/q>, uno de los l\u00edderes del c\u00e1rtel\u00a0<em>Guerreros Unidos<\/em>, quien se convirti\u00f3 en testigo protegido. Sostuvo que los militares no auxiliaron a los estudiantes para evitar que fueran secuestrados y posteriormente desaparecidos. El testimonio sirvi\u00f3 para que se les dictara la formal prisi\u00f3n y se decretara la prisi\u00f3n oficiosa.<\/span><\/p>\n<p><span style=\"font-size: 14pt;\">Los abogados promovieron un recurso de revisi\u00f3n ante el primer tribunal colegiado en materia penal, que orden\u00f3 a la jueza revisar la medida cautelar contra los militares y emitir una nueva resoluci\u00f3n.<\/span><\/p>\n<p><span style=\"font-size: 14pt;\">El fallo de la impartidora de justicia fue en acatamiento precisamente al amparo que el colegiado les otorg\u00f3 a Gustavo Rodr\u00edguez de la Cruz, Omar Torres Marquillo, Juan Andr\u00e9s Flores Lagunes, Ramiro Manzanares Sanabria, Roberto de los Santos Eduviges, Eloy Estrada D\u00edaz, Uri Yashiel Reyes Lazos y Juan Sotelo D\u00edaz.<\/span><\/p>\n<p><span style=\"font-size: 14pt;\">Al aceptar la sentencia de amparo, la jueza ratific\u00f3 la prisi\u00f3n contra los militares, quienes permanecer\u00e1n en la c\u00e1rcel del Campo Militar 1-A, de la Secretar\u00eda de la Defensa Nacional.<\/span><\/p>\n<\/div>\n","protected":false},"excerpt":{"rendered":"<p>La jueza Raquel Ivette Duarte Cedillo, titular del juzgado segundo de distrito en procesos penales federales con sede en Toluca,<\/p>\n","protected":false},"author":4,"featured_media":27840,"comment_status":"closed","ping_status":"closed","sticky":false,"template":"","format":"standard","meta":{"colormag_page_container_layout":"default_layout","colormag_page_sidebar_layout":"default_layout","_jetpack_memberships_contains_paid_content":false,"footnotes":"","jetpack_publicize_message":"","jetpack_publicize_feature_enabled":true,"jetpack_social_post_already_shared":false,"jetpack_social_options":{"image_generator_settings":{"template":"highway","default_image_id":0,"font":"","enabled":false},"version":2}},"categories":[33],"tags":[],"class_list":["post-27839","post","type-post","status-publish","format-standard","has-post-thumbnail","hentry","category-nacional"],"jetpack_publicize_connections":[],"jetpack_featured_media_url":"https:\/\/i0.wp.com\/politicosaldesnudo.com.mx\/wp-content\/uploads\/2023\/12\/seguiran-en-la-carcel-ocho-militares-ligados-al-caso-de-los-43-818html-ayotzinapajpeg-5600html-46d17419-2acc-4240-80d7-155762efe08d.webp?fit=1024%2C682&ssl=1","jetpack-related-posts":[],"jetpack_sharing_enabled":true,"_links":{"self":[{"href":"https:\/\/politicosaldesnudo.com.mx\/index.php\/wp-json\/wp\/v2\/posts\/27839","targetHints":{"allow":["GET"]}}],"collection":[{"href":"https:\/\/politicosaldesnudo.com.mx\/index.php\/wp-json\/wp\/v2\/posts"}],"about":[{"href":"https:\/\/politicosaldesnudo.com.mx\/index.php\/wp-json\/wp\/v2\/types\/post"}],"author":[{"embeddable":true,"href":"https:\/\/politicosaldesnudo.com.mx\/index.php\/wp-json\/wp\/v2\/users\/4"}],"replies":[{"embeddable":true,"href":"https:\/\/politicosaldesnudo.com.mx\/index.php\/wp-json\/wp\/v2\/comments?post=27839"}],"version-history":[{"count":0,"href":"https:\/\/politicosaldesnudo.com.mx\/index.php\/wp-json\/wp\/v2\/posts\/27839\/revisions"}],"wp:featuredmedia":[{"embeddable":true,"href":"https:\/\/politicosaldesnudo.com.mx\/index.php\/wp-json\/wp\/v2\/media\/27840"}],"wp:attachment":[{"href":"https:\/\/politicosaldesnudo.com.mx\/index.php\/wp-json\/wp\/v2\/media?parent=27839"}],"wp:term":[{"taxonomy":"category","embeddable":true,"href":"https:\/\/politicosaldesnudo.com.mx\/index.php\/wp-json\/wp\/v2\/categories?post=27839"},{"taxonomy":"post_tag","embeddable":true,"href":"https:\/\/politicosaldesnudo.com.mx\/index.php\/wp-json\/wp\/v2\/tags?post=27839"}],"curies":[{"name":"wp","href":"https:\/\/api.w.org\/{rel}","templated":true}]}}