{"id":27866,"date":"2023-12-20T12:37:29","date_gmt":"2023-12-20T18:37:29","guid":{"rendered":"https:\/\/politicosaldesnudo.com.mx\/?p=27866"},"modified":"2023-12-20T12:37:29","modified_gmt":"2023-12-20T18:37:29","slug":"pri-pan-y-prd-analizan-posible-coalicion-en-bc","status":"publish","type":"post","link":"https:\/\/politicosaldesnudo.com.mx\/index.php\/2023\/12\/20\/pri-pan-y-prd-analizan-posible-coalicion-en-bc\/","title":{"rendered":"PRI, PAN y PRD analizan posible coalici\u00f3n en BC"},"content":{"rendered":"<p><span style=\"font-size: 14pt;\">Mexicali, BC.-\u00a0La coalici\u00f3n del PRI, PAN y PRD, cabildean en la Ciudad de M\u00e9xico con miras a registrarla este viernes ante el Instituto Estatal Electoral.<\/span><\/p>\n<p><span style=\"font-size: 14pt;\">Lo dirigentes estatales Guadalupe Gutierrez del PRI, Mario Osuna del PAN y Abraham Sarabia del PRD se re\u00fanen en mesas de trabajo con tres representantes de sus Comit\u00e9s Nacionales.<\/span><\/p>\n<p><span style=\"font-size: 14pt;\">El tema principal son las posiciones de cada uno en alcald\u00edas, diputaciones locales, Cabildos y Congreso de la Uni\u00f3n.<\/span><\/p>\n<p><span style=\"font-size: 14pt;\">Aunque se barajaron nombres, la propuesta que se mantiene al inicio de la jornada es la selecci\u00f3n de candidatos v\u00eda encuesta en Mexicali y Tijuana, municipios con mayor n\u00famero de votantes y con peso electoral.<\/span><\/p>\n<p><span style=\"font-size: 14pt;\">No obstante, cuando el PAN quiso salir en falso con cuatro aspirantes para mostrar su \u00abcarta de intenci\u00f3n\u00bb, no s\u00f3lo pararon la intenci\u00f3n, sino que llamaron al dirigente Mario Osuna a que se trasladara a la Ciudad de M\u00e9xico.<\/span><\/p>\n<p><span style=\"font-size: 14pt;\">De concretarse esta coalici\u00f3n, su registro ser\u00e1 el viernes en la tarde, por lo que solo se definir\u00edan en quien recaen las candidaturas, a\u00fan sin g\u00e9nero, pues se definir\u00e1 en enero.<\/span><\/p>\n<p><span style=\"font-size: 14pt;\">Otro asunto que retras\u00f3 los trabajos, fue la propuesta del PAN, quien podr\u00eda concretar una alianza con el Partido Encuentro Solidario de Baja California (PESBC).<\/span><\/p>\n<p><span style=\"font-size: 14pt;\">El cierre de registros es el 24 de diciembre, en donde las encuestas ubican a Morena y sus aliados en primer lugar de preferencias, pero dicha alianza, de concretarse, ser\u00e1 parcial en algunos cargos de elecci\u00f3n popular.<\/span><\/p>\n","protected":false},"excerpt":{"rendered":"<p>Mexicali, BC.-\u00a0La coalici\u00f3n del PRI, PAN y PRD, cabildean en la Ciudad de M\u00e9xico con miras a registrarla este viernes<\/p>\n","protected":false},"author":4,"featured_media":27867,"comment_status":"closed","ping_status":"closed","sticky":false,"template":"","format":"standard","meta":{"colormag_page_container_layout":"default_layout","colormag_page_sidebar_layout":"default_layout","_jetpack_memberships_contains_paid_content":false,"footnotes":"","jetpack_publicize_message":"","jetpack_publicize_feature_enabled":true,"jetpack_social_post_already_shared":false,"jetpack_social_options":{"image_generator_settings":{"template":"highway","default_image_id":0,"font":"","enabled":false},"version":2}},"categories":[30],"tags":[],"class_list":["post-27866","post","type-post","status-publish","format-standard","has-post-thumbnail","hentry","category-estados"],"jetpack_publicize_connections":[],"jetpack_featured_media_url":"https:\/\/i0.wp.com\/politicosaldesnudo.com.mx\/wp-content\/uploads\/2023\/12\/pri-pan-y-prd-analizan-posible-coalicion-en-bc-3163html-mario-osuna-panjpg-8589html-c675e7e5-121a-4431-ae92-fbecd5eec8ce.jpg?fit=907%2C688&ssl=1","jetpack-related-posts":[],"jetpack_sharing_enabled":true,"_links":{"self":[{"href":"https:\/\/politicosaldesnudo.com.mx\/index.php\/wp-json\/wp\/v2\/posts\/27866","targetHints":{"allow":["GET"]}}],"collection":[{"href":"https:\/\/politicosaldesnudo.com.mx\/index.php\/wp-json\/wp\/v2\/posts"}],"about":[{"href":"https:\/\/politicosaldesnudo.com.mx\/index.php\/wp-json\/wp\/v2\/types\/post"}],"author":[{"embeddable":true,"href":"https:\/\/politicosaldesnudo.com.mx\/index.php\/wp-json\/wp\/v2\/users\/4"}],"replies":[{"embeddable":true,"href":"https:\/\/politicosaldesnudo.com.mx\/index.php\/wp-json\/wp\/v2\/comments?post=27866"}],"version-history":[{"count":0,"href":"https:\/\/politicosaldesnudo.com.mx\/index.php\/wp-json\/wp\/v2\/posts\/27866\/revisions"}],"wp:featuredmedia":[{"embeddable":true,"href":"https:\/\/politicosaldesnudo.com.mx\/index.php\/wp-json\/wp\/v2\/media\/27867"}],"wp:attachment":[{"href":"https:\/\/politicosaldesnudo.com.mx\/index.php\/wp-json\/wp\/v2\/media?parent=27866"}],"wp:term":[{"taxonomy":"category","embeddable":true,"href":"https:\/\/politicosaldesnudo.com.mx\/index.php\/wp-json\/wp\/v2\/categories?post=27866"},{"taxonomy":"post_tag","embeddable":true,"href":"https:\/\/politicosaldesnudo.com.mx\/index.php\/wp-json\/wp\/v2\/tags?post=27866"}],"curies":[{"name":"wp","href":"https:\/\/api.w.org\/{rel}","templated":true}]}}