{"id":27941,"date":"2023-12-22T00:14:40","date_gmt":"2023-12-22T06:14:40","guid":{"rendered":"https:\/\/politicosaldesnudo.com.mx\/?p=27941"},"modified":"2023-12-22T00:14:40","modified_gmt":"2023-12-22T06:14:40","slug":"julen-da-ejemplo-de-unidad","status":"publish","type":"post","link":"https:\/\/politicosaldesnudo.com.mx\/index.php\/2023\/12\/22\/julen-da-ejemplo-de-unidad\/","title":{"rendered":"Julen da ejemplo de unidad"},"content":{"rendered":"<p><span style=\"font-size: 18pt; color: #cc99ff;\"><strong>ALMA GRANDE<\/strong><\/span><\/p>\n<p><span style=\"font-size: 18pt; color: #cc99ff;\"><strong>Por \u00c1ngel \u00c1lvaro Pe\u00f1a<\/strong><\/span><\/p>\n<p><strong><span style=\"font-size: 14pt;\">Lecci\u00f3n de pol\u00edtica fue la que el Senador panista Julen Rementer\u00eda del Puerto, lanz\u00f3 en este momento de confusiones y fisiones. Dejar el protagonismo por el bien de la democracia y de M\u00e9xico, y sin ning\u00fan reparo ni negociaci\u00f3n de por medio se pronunci\u00f3 por apoyar la candidatura del priista Pepe Yunes. Tambi\u00e9n es una lecci\u00f3n de historia, porque sale de la uniformidad de un partido que todav\u00eda no define p\u00fablicamente su postura respecto al candidato de Fuerza y Coraz\u00f3n por M\u00e9xico para hacerlo m\u00e1s competitivo a\u00fan.<\/span><\/strong><\/p>\n<figure id=\"attachment_27943\" aria-describedby=\"caption-attachment-27943\" style=\"width: 800px\" class=\"wp-caption aligncenter\"><img data-recalc-dims=\"1\" loading=\"lazy\" decoding=\"async\" class=\"wp-image-27943 size-large\" src=\"https:\/\/i0.wp.com\/politicosaldesnudo.com.mx\/wp-content\/uploads\/2023\/12\/IMG_20190701_224835-1024x683.jpg?resize=800%2C534&#038;ssl=1\" alt=\"\" width=\"800\" height=\"534\" srcset=\"https:\/\/i0.wp.com\/politicosaldesnudo.com.mx\/wp-content\/uploads\/2023\/12\/IMG_20190701_224835.jpg?resize=1024%2C683&amp;ssl=1 1024w, https:\/\/i0.wp.com\/politicosaldesnudo.com.mx\/wp-content\/uploads\/2023\/12\/IMG_20190701_224835.jpg?resize=300%2C200&amp;ssl=1 300w, https:\/\/i0.wp.com\/politicosaldesnudo.com.mx\/wp-content\/uploads\/2023\/12\/IMG_20190701_224835.jpg?resize=768%2C512&amp;ssl=1 768w, https:\/\/i0.wp.com\/politicosaldesnudo.com.mx\/wp-content\/uploads\/2023\/12\/IMG_20190701_224835.jpg?w=1500&amp;ssl=1 1500w\" sizes=\"auto, (max-width: 800px) 100vw, 800px\" \/><figcaption id=\"caption-attachment-27943\" class=\"wp-caption-text\">Julen Rementer\u00eda<\/figcaption><\/figure>\n<p><span style=\"font-size: 18pt;\"><strong>Ejemplo de trabajo en equipo la labor de Julen Rementer\u00eda, que dej\u00f3 a un lado las aspiraciones propias, se deslind\u00f3 de acuerdos en lo oscurito para designar candidato y se pronunci\u00f3 con valent\u00eda para apoyar a un candidato que es el l\u00edder natural de la oposici\u00f3n de Veracruz.<\/strong><\/span><\/p>\n<p><strong><span style=\"font-size: 14pt;\">Sabemos no fue una decisi\u00f3n f\u00e1cil, pero s\u00ed patri\u00f3tica y de amor a Veracruz, porque dejar de apoyar significar\u00eda debilitar la democracia y al mismo tiempo, dejar espacios al partido en el poder que compite con una gran ventaja, al tener todos los recursos del Estado a su favor. Adem\u00e1s, la candidata es un capricho m\u00e1s del Presidente. \u00c9l coloca sus piezas en el ajedrez de la pol\u00edtica para seguir operando desde su cercano exilio que no es otra cosa que el gran asesor de todos los que queden.<\/span><\/strong><\/p>\n<figure id=\"attachment_27942\" aria-describedby=\"caption-attachment-27942\" style=\"width: 800px\" class=\"wp-caption aligncenter\"><img data-recalc-dims=\"1\" loading=\"lazy\" decoding=\"async\" class=\"wp-image-27942 size-large\" src=\"https:\/\/i0.wp.com\/politicosaldesnudo.com.mx\/wp-content\/uploads\/2023\/12\/descarga-2-1024x682.jpg?resize=800%2C533&#038;ssl=1\" alt=\"\" width=\"800\" height=\"533\" srcset=\"https:\/\/i0.wp.com\/politicosaldesnudo.com.mx\/wp-content\/uploads\/2023\/12\/descarga-2.jpg?resize=1024%2C682&amp;ssl=1 1024w, https:\/\/i0.wp.com\/politicosaldesnudo.com.mx\/wp-content\/uploads\/2023\/12\/descarga-2.jpg?resize=300%2C200&amp;ssl=1 300w, https:\/\/i0.wp.com\/politicosaldesnudo.com.mx\/wp-content\/uploads\/2023\/12\/descarga-2.jpg?resize=768%2C512&amp;ssl=1 768w, https:\/\/i0.wp.com\/politicosaldesnudo.com.mx\/wp-content\/uploads\/2023\/12\/descarga-2.jpg?resize=1536%2C1023&amp;ssl=1 1536w, https:\/\/i0.wp.com\/politicosaldesnudo.com.mx\/wp-content\/uploads\/2023\/12\/descarga-2.jpg?w=1800&amp;ssl=1 1800w, https:\/\/i0.wp.com\/politicosaldesnudo.com.mx\/wp-content\/uploads\/2023\/12\/descarga-2.jpg?w=1600&amp;ssl=1 1600w\" sizes=\"auto, (max-width: 800px) 100vw, 800px\" \/><figcaption id=\"caption-attachment-27942\" class=\"wp-caption-text\">Marcelo Ebrard<\/figcaption><\/figure>\n<p><span style=\"font-size: 18pt;\"><strong>A nivel nacional es una gran lecci\u00f3n de Julen porque simplemente pensemos en el destino del propio partido en el poder, de no haber sido por todo el ruido que hizo Marcelo Ebrard, el tan innecesario como protag\u00f3nico, ahora es un apestado dentro y fuera de Morena.<\/strong><\/span><\/p>\n<p><strong><span style=\"font-size: 14pt;\">De no ser por Ebrard la pol\u00edtica de Morena hubiera caminando con mayor agilidad, pero sus caprichos personales impidieron no s\u00f3lo al partido sino al gobierno avanzar al ritmo previsto.<\/span><\/strong><\/p>\n<figure id=\"attachment_27945\" aria-describedby=\"caption-attachment-27945\" style=\"width: 800px\" class=\"wp-caption aligncenter\"><img data-recalc-dims=\"1\" loading=\"lazy\" decoding=\"async\" class=\"wp-image-27945 size-large\" src=\"https:\/\/i0.wp.com\/politicosaldesnudo.com.mx\/wp-content\/uploads\/2023\/12\/ricardo-mejia-berdeja-subsecretario-seguridad-1024x683.jpg?resize=800%2C534&#038;ssl=1\" alt=\"\" width=\"800\" height=\"534\" srcset=\"https:\/\/i0.wp.com\/politicosaldesnudo.com.mx\/wp-content\/uploads\/2023\/12\/ricardo-mejia-berdeja-subsecretario-seguridad.jpg?resize=1024%2C683&amp;ssl=1 1024w, https:\/\/i0.wp.com\/politicosaldesnudo.com.mx\/wp-content\/uploads\/2023\/12\/ricardo-mejia-berdeja-subsecretario-seguridad.jpg?resize=300%2C200&amp;ssl=1 300w, https:\/\/i0.wp.com\/politicosaldesnudo.com.mx\/wp-content\/uploads\/2023\/12\/ricardo-mejia-berdeja-subsecretario-seguridad.jpg?resize=768%2C512&amp;ssl=1 768w, https:\/\/i0.wp.com\/politicosaldesnudo.com.mx\/wp-content\/uploads\/2023\/12\/ricardo-mejia-berdeja-subsecretario-seguridad.jpg?w=1200&amp;ssl=1 1200w\" sizes=\"auto, (max-width: 800px) 100vw, 800px\" \/><figcaption id=\"caption-attachment-27945\" class=\"wp-caption-text\">Ricardo Mej\u00eda Berdeja<\/figcaption><\/figure>\n<p><strong><span style=\"font-size: 14pt;\">Tambi\u00e9n est\u00e1 el caso de Ricardo Mej\u00eda Berdeja, quien dej\u00f3 Morena por no ser candidato a la gubernatura y en lugar de unirse al candidato que hab\u00eda elegido la c\u00fapula de ese partido, Armando Guadiana, le regal\u00f3 el triunfo al PAN con su candidato Manolo Jim\u00e9nez, quien ahora gobierna la entidad.<\/span><\/strong><\/p>\n<p><strong><span style=\"font-size: 14pt;\">Esto lo sortea Julen Rementer\u00eda con gran maestr\u00eda, como un experto en la pol\u00edtica nacional donde sabe que ante la alianza el trabajo en equipo es una obligaci\u00f3n y el primer paso hacia el triunfo electoral.<\/span><\/strong><\/p>\n<figure id=\"attachment_27944\" aria-describedby=\"caption-attachment-27944\" style=\"width: 474px\" class=\"wp-caption aligncenter\"><img data-recalc-dims=\"1\" loading=\"lazy\" decoding=\"async\" class=\"wp-image-27944 size-full\" src=\"https:\/\/i0.wp.com\/politicosaldesnudo.com.mx\/wp-content\/uploads\/2023\/12\/OIF-4.jpg?resize=474%2C316&#038;ssl=1\" alt=\"\" width=\"474\" height=\"316\" srcset=\"https:\/\/i0.wp.com\/politicosaldesnudo.com.mx\/wp-content\/uploads\/2023\/12\/OIF-4.jpg?w=474&amp;ssl=1 474w, https:\/\/i0.wp.com\/politicosaldesnudo.com.mx\/wp-content\/uploads\/2023\/12\/OIF-4.jpg?resize=300%2C200&amp;ssl=1 300w\" sizes=\"auto, (max-width: 474px) 100vw, 474px\" \/><figcaption id=\"caption-attachment-27944\" class=\"wp-caption-text\">Pepe Yunes<\/figcaption><\/figure>\n<p><span style=\"font-size: 18pt;\"><strong>As\u00ed, el coordinador de los senadores del PAN, Julen Rementer\u00eda, declin\u00f3 sus aspiraciones de contender por la gubernatura de Veracruz a favor del Diputado priista Jos\u00e9 Francisco Yunes, se\u00f1al\u00f3 que se trata de un hombre decente, de palabra, tiene mucho trabajo por Veracruz. Es alguien de convicciones, de principios y valores, pero que necesita del apoyo de todos.<\/strong><\/span><\/p>\n<p><strong><span style=\"font-size: 14pt;\">\u201cEstoy seguro de que todos los panistas, todos y no solo los de un grupo, acompa\u00f1ados de la fuerza y el coraz\u00f3n de la sociedad civil, habremos de sumarnos por el bien superior que hoy nos reclama: Salvar a Veracruz\u201d, subray\u00f3.<\/span><\/strong><\/p>\n<p><strong><span style=\"font-size: 14pt;\">El panista record\u00f3 que cuando manifest\u00f3 su deseo de ser el candidato, le cost\u00f3 presiones y se\u00f1alamientos sin fundamento y que aun sabiendo que no es una tarea f\u00e1cil, decidi\u00f3 continuar, considerando que varias encuestas lo colocaban como una de las opciones m\u00e1s competitivas y con una tendencia de crecimiento.<\/span><\/strong><\/p>\n<p><span style=\"font-size: 18pt;\"><strong>Destac\u00f3 que hab\u00eda solicitado una encuesta para que la sociedad civil eligiera al m\u00e1s competitivo, pero los tiempos y la alianza nacional no lo permitieron.<\/strong><\/span><\/p>\n<p><strong><span style=\"font-size: 14pt;\">Mientras otros partidos en el estado ya se hab\u00edan definido, la dirigencia del PAN estatal, hab\u00eda manifestado que a lo mejor en febrero decidir\u00e1 si van o no en alianza.<\/span><\/strong><\/p>\n<p><strong><span style=\"font-size: 14pt;\">Rementer\u00eda dijo que se tom\u00f3 un tiempo de reflexi\u00f3n para tomar la decisi\u00f3n de no participar. Con ello espera que el PAN se defina para ir en la alianza con otros partidos y principalmente la sociedad civil. Aunque el l\u00edder nacional del PRD hab\u00eda afirmado que podr\u00eda apoyar la candidatura de Pepe Yunes, no lo hizo de manera oficial, seguramente estar\u00e1n acordando estrategias para lanzar conjuntamente al ex presidente municipal de Perote, quien tiene una larga experiencia pol\u00edtica, parlamentaria y conoce perfectamente el estado, en los primeros d\u00edas del pr\u00f3ximo a\u00f1o.<\/span><\/strong><\/p>\n<p><span style=\"font-size: 18pt;\"><strong>Lo cierto es que el ejemplo est\u00e1 dado y la definici\u00f3n de Julen es, en s\u00ed misma, una convocatoria a seguir estos lineamientos, sobre todo en la alianza opositora que ha detenido proyectos viables por egocentrismo in\u00fatiles que s\u00f3lo llevan a la derrota.<\/strong><\/span><\/p>\n<p><strong><span style=\"font-size: 14pt;\">Antes de anunciar su decisi\u00f3n de renunciar a sus aspiraciones de contender para ser gobernador el siguiente a\u00f1o, el legislador explic\u00f3 que, si bien hab\u00eda decidido ser el candidato de la oposici\u00f3n en Veracruz, el tiempo que tard\u00f3 Acci\u00f3n Nacional en definir su posici\u00f3n respecto a ir en coalici\u00f3n con otros partidos complic\u00f3 su situaci\u00f3n ante la prioridad que, considera, es enfrentar un \u201cdesastre de gobierno\u201d en el estado.<\/span><\/strong><\/p>\n<p><span style=\"font-size: 18pt;\"><strong>Sacrificar no s\u00f3lo el ego si no un proyecto acariciado buena parte de la vida se expresa de manera loable porque las iras no s\u00f3lo son por la persona, o el partido sino por el pa\u00eds que debe tener una oposici\u00f3n s\u00f3lida, equitativa, competitiva.<\/strong><\/span><\/p>\n<p><strong><span style=\"font-size: 14pt;\">No s\u00f3lo es cuesti\u00f3n de unidad sino de amor a la democracia. De vocaci\u00f3n por que la gente mejore y que haya equilibrios en las diferentes posiciones en el gobierno en beneficio del pueblo.<\/span><\/strong><\/p>\n<p><strong><span style=\"font-size: 14pt;\">PEGA Y CORRE.- A pesar de que el ex gobernador del PRI, Eruviel \u00c1vila formaba parte de los priistas arrepentidos y que intentaron sumarse a la candidatura de Claudia Sheinbaum, Morena rechaz\u00f3 su apoyo por sus declaraciones de a\u00f1os pasados donde afirmaba que la actual candidata morenista a la Presidencia de la Rep\u00fablica, no era capaz de gobernar la Ciudad de M\u00e9xico\u2026Esta columna se publica los lunes, mi\u00e9rcoles y viernes.<\/span><\/strong><\/p>\n<p><img data-recalc-dims=\"1\" loading=\"lazy\" decoding=\"async\" class=\"aligncenter size-full wp-image-27650\" src=\"https:\/\/i0.wp.com\/politicosaldesnudo.com.mx\/wp-content\/uploads\/2023\/12\/FIRMA-EDITORIAL-PD-3.jpg?resize=800%2C98&#038;ssl=1\" alt=\"\" width=\"800\" height=\"98\" srcset=\"https:\/\/i0.wp.com\/politicosaldesnudo.com.mx\/wp-content\/uploads\/2023\/12\/FIRMA-EDITORIAL-PD-3.jpg?w=1024&amp;ssl=1 1024w, https:\/\/i0.wp.com\/politicosaldesnudo.com.mx\/wp-content\/uploads\/2023\/12\/FIRMA-EDITORIAL-PD-3.jpg?resize=300%2C37&amp;ssl=1 300w, https:\/\/i0.wp.com\/politicosaldesnudo.com.mx\/wp-content\/uploads\/2023\/12\/FIRMA-EDITORIAL-PD-3.jpg?resize=768%2C94&amp;ssl=1 768w\" sizes=\"auto, (max-width: 800px) 100vw, 800px\" \/><\/p>\n","protected":false},"excerpt":{"rendered":"<p>ALMA GRANDE Por \u00c1ngel \u00c1lvaro Pe\u00f1a Lecci\u00f3n de pol\u00edtica fue la que el Senador panista Julen Rementer\u00eda del Puerto, lanz\u00f3<\/p>\n","protected":false},"author":4,"featured_media":15807,"comment_status":"closed","ping_status":"closed","sticky":false,"template":"","format":"standard","meta":{"colormag_page_container_layout":"default_layout","colormag_page_sidebar_layout":"default_layout","_jetpack_memberships_contains_paid_content":false,"footnotes":"","jetpack_publicize_message":"","jetpack_publicize_feature_enabled":true,"jetpack_social_post_already_shared":false,"jetpack_social_options":{"image_generator_settings":{"template":"highway","default_image_id":0,"font":"","enabled":false},"version":2}},"categories":[26],"tags":[],"class_list":["post-27941","post","type-post","status-publish","format-standard","has-post-thumbnail","hentry","category-columnistas"],"jetpack_publicize_connections":[],"jetpack_featured_media_url":"https:\/\/i0.wp.com\/politicosaldesnudo.com.mx\/wp-content\/uploads\/2023\/02\/ANGEL-ALVARO-PENA1.webp?fit=800%2C445&ssl=1","jetpack-related-posts":[],"jetpack_sharing_enabled":true,"_links":{"self":[{"href":"https:\/\/politicosaldesnudo.com.mx\/index.php\/wp-json\/wp\/v2\/posts\/27941","targetHints":{"allow":["GET"]}}],"collection":[{"href":"https:\/\/politicosaldesnudo.com.mx\/index.php\/wp-json\/wp\/v2\/posts"}],"about":[{"href":"https:\/\/politicosaldesnudo.com.mx\/index.php\/wp-json\/wp\/v2\/types\/post"}],"author":[{"embeddable":true,"href":"https:\/\/politicosaldesnudo.com.mx\/index.php\/wp-json\/wp\/v2\/users\/4"}],"replies":[{"embeddable":true,"href":"https:\/\/politicosaldesnudo.com.mx\/index.php\/wp-json\/wp\/v2\/comments?post=27941"}],"version-history":[{"count":0,"href":"https:\/\/politicosaldesnudo.com.mx\/index.php\/wp-json\/wp\/v2\/posts\/27941\/revisions"}],"wp:featuredmedia":[{"embeddable":true,"href":"https:\/\/politicosaldesnudo.com.mx\/index.php\/wp-json\/wp\/v2\/media\/15807"}],"wp:attachment":[{"href":"https:\/\/politicosaldesnudo.com.mx\/index.php\/wp-json\/wp\/v2\/media?parent=27941"}],"wp:term":[{"taxonomy":"category","embeddable":true,"href":"https:\/\/politicosaldesnudo.com.mx\/index.php\/wp-json\/wp\/v2\/categories?post=27941"},{"taxonomy":"post_tag","embeddable":true,"href":"https:\/\/politicosaldesnudo.com.mx\/index.php\/wp-json\/wp\/v2\/tags?post=27941"}],"curies":[{"name":"wp","href":"https:\/\/api.w.org\/{rel}","templated":true}]}}