{"id":27966,"date":"2023-12-22T12:22:30","date_gmt":"2023-12-22T18:22:30","guid":{"rendered":"https:\/\/politicosaldesnudo.com.mx\/?p=27966"},"modified":"2023-12-22T12:22:30","modified_gmt":"2023-12-22T18:22:30","slug":"grupo-carso-cierra-acuerdo-con-cfe-para-desarrollar-gasoducto","status":"publish","type":"post","link":"https:\/\/politicosaldesnudo.com.mx\/index.php\/2023\/12\/22\/grupo-carso-cierra-acuerdo-con-cfe-para-desarrollar-gasoducto\/","title":{"rendered":"Grupo Carso cierra acuerdo con CFE para desarrollar gasoducto"},"content":{"rendered":"<p><span style=\"font-size: 14pt;\">La Comisi\u00f3n Federal de Electricidad (CFE) firm\u00f3 una alianza estrat\u00e9gica con Grupo Carso, propiedad de Carlos Slim Hel\u00fa, para desarrollar, construir y operaci\u00f3n de un gasoducto en el noroeste del pa\u00eds, aunque no revel\u00f3 el monto de la inversi\u00f3n.<\/span><\/p>\n<p><span style=\"font-size: 14pt;\">La compa\u00f1\u00eda el\u00e9ctrica estatal detall\u00f3 que el 20 de diciembre el consorcio propiedad del hombre m\u00e1s acaudalado del pa\u00eds, a trav\u00e9s de su subsidiaria Gasoducto Centauro del Norte suscribi\u00f3 el convenio.<\/span><\/p>\n<p><span style=\"font-size: 14pt;\">El acuerdo incluye el desarrollo y construcci\u00f3n de la obra, as\u00ed como un contrato de servicio de transporte de gas Natural en un gasoducto en el norte del pa\u00eds.<\/span><\/p>\n<p><span style=\"font-size: 14pt;\">El ducto tendr\u00e1 una longitud aproximada de 416 kil\u00f3metros.<\/span><\/p>\n<p><span style=\"font-size: 14pt;\">Con este proyecto, dijo la CFE, se garantizar\u00e1 el suministro de la mol\u00e9cula a las centrales existentes en la zona, as\u00ed como a las centrales Ciclo Combinado Gonz\u00e1lez Ortega y Ciclo Combinado San Luis R\u00edo Colorado que se encuentran en construcci\u00f3n.<\/span><\/p>\n<p><span style=\"font-size: 14pt;\">La empresa estatal indic\u00f3 que con este proyecto se generar\u00e1n alrededor de 700 empleos directos, en los estados de Sonora y Baja California.<\/span><\/p>\n<p><span style=\"font-size: 14pt;\">\u201cLa CFE tendr\u00e1 la posibilidad de no solo ser el usuario ancla del sistema de transporte, sino tambi\u00e9n tendr\u00e1 derecho a ser accionista de la sociedad que desarrolle el proyecto\u201d, indic\u00f3.<\/span><\/p>\n<p><span style=\"font-size: 14pt;\">\u201cCon este acuerdo, la CFE y Grupo Carso contin\u00faan contribuyendo a garantizar la seguridad energ\u00e9tica de M\u00e9xico\u201d, concluy\u00f3.<\/span><\/p>\n","protected":false},"excerpt":{"rendered":"<p>La Comisi\u00f3n Federal de Electricidad (CFE) firm\u00f3 una alianza estrat\u00e9gica con Grupo Carso, propiedad de Carlos Slim Hel\u00fa, para desarrollar,<\/p>\n","protected":false},"author":4,"featured_media":27967,"comment_status":"closed","ping_status":"closed","sticky":false,"template":"","format":"standard","meta":{"colormag_page_container_layout":"default_layout","colormag_page_sidebar_layout":"default_layout","_jetpack_memberships_contains_paid_content":false,"footnotes":"","jetpack_publicize_message":"","jetpack_publicize_feature_enabled":true,"jetpack_social_post_already_shared":false,"jetpack_social_options":{"image_generator_settings":{"template":"highway","default_image_id":0,"font":"","enabled":false},"version":2}},"categories":[2050],"tags":[],"class_list":["post-27966","post","type-post","status-publish","format-standard","has-post-thumbnail","hentry","category-economia"],"jetpack_publicize_connections":[],"jetpack_featured_media_url":"https:\/\/i0.wp.com\/politicosaldesnudo.com.mx\/wp-content\/uploads\/2023\/12\/grupo-carso-cierra-acuerdo-con-cfe-para-desarrollar-gasoducto-726html-grupo-carso-cfe-2jpeg-4749html-2507e4d6-d49f-4564-8223-c3644a45b658.webp?fit=976%2C692&ssl=1","jetpack-related-posts":[],"jetpack_sharing_enabled":true,"_links":{"self":[{"href":"https:\/\/politicosaldesnudo.com.mx\/index.php\/wp-json\/wp\/v2\/posts\/27966","targetHints":{"allow":["GET"]}}],"collection":[{"href":"https:\/\/politicosaldesnudo.com.mx\/index.php\/wp-json\/wp\/v2\/posts"}],"about":[{"href":"https:\/\/politicosaldesnudo.com.mx\/index.php\/wp-json\/wp\/v2\/types\/post"}],"author":[{"embeddable":true,"href":"https:\/\/politicosaldesnudo.com.mx\/index.php\/wp-json\/wp\/v2\/users\/4"}],"replies":[{"embeddable":true,"href":"https:\/\/politicosaldesnudo.com.mx\/index.php\/wp-json\/wp\/v2\/comments?post=27966"}],"version-history":[{"count":0,"href":"https:\/\/politicosaldesnudo.com.mx\/index.php\/wp-json\/wp\/v2\/posts\/27966\/revisions"}],"wp:featuredmedia":[{"embeddable":true,"href":"https:\/\/politicosaldesnudo.com.mx\/index.php\/wp-json\/wp\/v2\/media\/27967"}],"wp:attachment":[{"href":"https:\/\/politicosaldesnudo.com.mx\/index.php\/wp-json\/wp\/v2\/media?parent=27966"}],"wp:term":[{"taxonomy":"category","embeddable":true,"href":"https:\/\/politicosaldesnudo.com.mx\/index.php\/wp-json\/wp\/v2\/categories?post=27966"},{"taxonomy":"post_tag","embeddable":true,"href":"https:\/\/politicosaldesnudo.com.mx\/index.php\/wp-json\/wp\/v2\/tags?post=27966"}],"curies":[{"name":"wp","href":"https:\/\/api.w.org\/{rel}","templated":true}]}}