{"id":27969,"date":"2023-12-22T12:25:21","date_gmt":"2023-12-22T18:25:21","guid":{"rendered":"https:\/\/politicosaldesnudo.com.mx\/?p=27969"},"modified":"2023-12-22T12:25:21","modified_gmt":"2023-12-22T18:25:21","slug":"espana-evalua-participacion-en-coalicion-liderada-por-eu-en-el-mar-rojo","status":"publish","type":"post","link":"https:\/\/politicosaldesnudo.com.mx\/index.php\/2023\/12\/22\/espana-evalua-participacion-en-coalicion-liderada-por-eu-en-el-mar-rojo\/","title":{"rendered":"Espa\u00f1a eval\u00faa participaci\u00f3n en coalici\u00f3n liderada por EU en el mar Rojo"},"content":{"rendered":"<p><span style=\"font-size: 14pt;\">El Gobierno de Espa\u00f1a dijo el viernes mantener \u00abm\u00e1xima prudencia\u00bb antes de decidir si participar\u00e1 en la coalici\u00f3n militar liderada por Estados Unidos para proteger el tr\u00e1fico mar\u00edtimo de los ataques de los rebeldes hut\u00edes de Yemen en el mar Rojo.<\/span><\/p>\n<p><span style=\"font-size: 14pt;\">\u00abEspa\u00f1a nunca participara en una operaci\u00f3n desde un punto de vista unilateral\u00bb, afirm\u00f3 en rueda de prensa la portavoz del Gobierno de izquierda, Pilar Alegr\u00eda, quien subray\u00f3 que el pa\u00eds solo lo har\u00eda \u00abbajo el paraguas de la Uni\u00f3n Europea y la OTAN\u00bb.<\/span><\/p>\n<p><span style=\"font-size: 14pt;\">La posici\u00f3n espa\u00f1ola sobre la iniciativa estadunidense, anunciada el lunes por el secretario de Defensa de ese pa\u00eds, Lloyd Austin, quien en ese momento incluy\u00f3 a Espa\u00f1a dentro de las naciones participantes, es de \u00abm\u00e1xima prudencia\u00bb, indic\u00f3.<\/span><\/p>\n<p><span style=\"font-size: 14pt;\">Alegr\u00eda habl\u00f3 luego de un encuentro entre el presidente del Gobierno, el socialista Pedro S\u00e1nchez, y el l\u00edder de la oposici\u00f3n de derecha, Luis Alberto N\u00fa\u00f1ez Feij\u00f3o.<\/span><\/p>\n<p><span style=\"font-size: 14pt;\">Este \u00faltimo dijo en rueda de prensa que S\u00e1nchez le hab\u00eda se\u00f1alado \u00abque la decisi\u00f3n espa\u00f1ola es no intervenir, o al menos no intervenir en las condiciones solicitadas por Estados Unidos\u00bb.<\/span><\/p>\n<p><span style=\"font-size: 14pt;\">Ya desde el martes, el gobierno espa\u00f1ol hab\u00eda indicado que no participar\u00eda unilateralmente en esta coalici\u00f3n militar.<\/span><\/p>\n<p><span style=\"font-size: 14pt;\">Los hut\u00edes, apoyados por Ir\u00e1n, han advertido que asaltar\u00e1n cualquier buque con v\u00ednculos con Israel que navegue frente a las costas de Yemen, en respuesta a la guerra entre Israel y el movimiento islamista palestino Ham\u00e1s en la Franja de Gaza.<\/span><\/p>\n<p><span style=\"font-size: 14pt;\">Ante el aumento de los ataques estas \u00faltimas semanas en las aguas que conducen al canal de Suez, punto de paso de cerca del 10 por ciento del comercio mundial, varias navieras decidieron desviar sus barcos.<\/span><\/p>\n","protected":false},"excerpt":{"rendered":"<p>El Gobierno de Espa\u00f1a dijo el viernes mantener \u00abm\u00e1xima prudencia\u00bb antes de decidir si participar\u00e1 en la coalici\u00f3n militar liderada<\/p>\n","protected":false},"author":4,"featured_media":27970,"comment_status":"closed","ping_status":"closed","sticky":false,"template":"","format":"standard","meta":{"colormag_page_container_layout":"default_layout","colormag_page_sidebar_layout":"default_layout","_jetpack_memberships_contains_paid_content":false,"footnotes":"","jetpack_publicize_message":"","jetpack_publicize_feature_enabled":true,"jetpack_social_post_already_shared":false,"jetpack_social_options":{"image_generator_settings":{"template":"highway","default_image_id":0,"font":"","enabled":false},"version":2}},"categories":[28],"tags":[],"class_list":["post-27969","post","type-post","status-publish","format-standard","has-post-thumbnail","hentry","category-internacional"],"jetpack_publicize_connections":[],"jetpack_featured_media_url":"https:\/\/i0.wp.com\/politicosaldesnudo.com.mx\/wp-content\/uploads\/2023\/12\/OIP-5.jpg?fit=474%2C300&ssl=1","jetpack-related-posts":[],"jetpack_sharing_enabled":true,"_links":{"self":[{"href":"https:\/\/politicosaldesnudo.com.mx\/index.php\/wp-json\/wp\/v2\/posts\/27969","targetHints":{"allow":["GET"]}}],"collection":[{"href":"https:\/\/politicosaldesnudo.com.mx\/index.php\/wp-json\/wp\/v2\/posts"}],"about":[{"href":"https:\/\/politicosaldesnudo.com.mx\/index.php\/wp-json\/wp\/v2\/types\/post"}],"author":[{"embeddable":true,"href":"https:\/\/politicosaldesnudo.com.mx\/index.php\/wp-json\/wp\/v2\/users\/4"}],"replies":[{"embeddable":true,"href":"https:\/\/politicosaldesnudo.com.mx\/index.php\/wp-json\/wp\/v2\/comments?post=27969"}],"version-history":[{"count":0,"href":"https:\/\/politicosaldesnudo.com.mx\/index.php\/wp-json\/wp\/v2\/posts\/27969\/revisions"}],"wp:featuredmedia":[{"embeddable":true,"href":"https:\/\/politicosaldesnudo.com.mx\/index.php\/wp-json\/wp\/v2\/media\/27970"}],"wp:attachment":[{"href":"https:\/\/politicosaldesnudo.com.mx\/index.php\/wp-json\/wp\/v2\/media?parent=27969"}],"wp:term":[{"taxonomy":"category","embeddable":true,"href":"https:\/\/politicosaldesnudo.com.mx\/index.php\/wp-json\/wp\/v2\/categories?post=27969"},{"taxonomy":"post_tag","embeddable":true,"href":"https:\/\/politicosaldesnudo.com.mx\/index.php\/wp-json\/wp\/v2\/tags?post=27969"}],"curies":[{"name":"wp","href":"https:\/\/api.w.org\/{rel}","templated":true}]}}