{"id":28029,"date":"2023-12-23T12:17:16","date_gmt":"2023-12-23T18:17:16","guid":{"rendered":"https:\/\/politicosaldesnudo.com.mx\/?p=28029"},"modified":"2023-12-23T12:17:16","modified_gmt":"2023-12-23T18:17:16","slug":"decide-eu-la-reapertura-de-cruces-ferroviarios-de-eagle-pass-y-el-paso","status":"publish","type":"post","link":"https:\/\/politicosaldesnudo.com.mx\/index.php\/2023\/12\/23\/decide-eu-la-reapertura-de-cruces-ferroviarios-de-eagle-pass-y-el-paso\/","title":{"rendered":"Decide EU la reapertura de cruces ferroviarios de Eagle Pass y El Paso"},"content":{"rendered":"<p class=\"s-s\"><span style=\"font-size: 14pt;\">Estados Unidos reabri\u00f3 pasado el medio d\u00eda del viernes los cruces ferroviarios de Eagle Pass y El Paso, en Texas, despu\u00e9s de permanecer cerrados por cinco d\u00edas, situaci\u00f3n que provoc\u00f3, seg\u00fan estimaciones del sector privado, p\u00e9rdidas cercanas a 500 millones de d\u00f3lares.<\/span><\/p>\n<p><span style=\"font-size: 14pt;\"><q>A partir del 22 de diciembre de 2023 a las 14 horas, el \u00c1rea de Operaciones de Campo de la Oficina de Aduanas y Protecci\u00f3n Fronteriza de Estados Unidos (CBP, por sus siglas en ingl\u00e9s) reanudar\u00e1 las operaciones en los puentes ferroviarios internacionales en Eagle Pass y El Paso, Texas<\/q>, se\u00f1al\u00f3 la dependencia.<\/span><\/p>\n<p><span style=\"font-size: 14pt;\">La embajada de M\u00e9xico en Estados Unidos confirm\u00f3 la reapertura de los cruces.\u00a0<q>Con esta decisi\u00f3n reconocen la complementariedad e integraci\u00f3n de nuestras econom\u00edas y la importancia de las cadenas productivas, que no deben interrumpirse<\/q>, coment\u00f3 en las redes sociales el embajador mexicano en Washington, Esteban Moctezuma Barrag\u00e1n.<\/span><\/p>\n<p><span style=\"font-size: 14pt;\">El lunes la CBP cerr\u00f3 ambos puntos ante el aumento de flujo de migrantes que buscan cruzar la frontera utilizando los trenes. La situaci\u00f3n provoc\u00f3 cr\u00edticas de legisladores republicanos, pero tambi\u00e9n la exigencia del sector privado, operadores ferroviarios y representantes del sector agr\u00edcola ante el da\u00f1o que signific\u00f3 al comercio bilateral.<\/span><\/p>\n<p><span style=\"font-size: 14pt;\">Mark Denzler, presidente de la Asociaci\u00f3n de Fabricantes de Illinois (IMA, por sus siglas en ingl\u00e9s), retific\u00f3 en su cuenta de la red social X la reapertura.\u00a0<q>Esto le estaba costando a la econom\u00eda cientos de millones de d\u00f3lares y perjudicando a las manufacturas, la agricultura y los consumidores<\/q>.<\/span><\/p>\n<p><span style=\"font-size: 14pt;\">Seg\u00fan la Confederaci\u00f3n de C\u00e1maras Industriales (Concamin) las p\u00e9rdidas por cada d\u00eda de cierre ascendieron a 100 millones de d\u00f3lares, por lo que hasta el viernes el impacto ser\u00eda cercano a 500 millones de d\u00f3lares.<\/span><\/p>\n<p><span style=\"font-size: 14pt;\">El organismo del sector privado dirigido por Jos\u00e9 Abugaber Andonie reconoci\u00f3 las gestiones del gobierno de M\u00e9xico para revertir la decisi\u00f3n de la CBP.<\/span><\/p>\n<p><span style=\"font-size: 14pt;\">No obstante, el da\u00f1o econ\u00f3mico puede ser superior, pues la firma ferroviaria Union Pacific estim\u00f3 que cada d\u00eda se perdieron 200 millones de d\u00f3lares.<\/span><\/p>\n<p><span style=\"font-size: 14pt;\">La Casa Blanca indic\u00f3 que los cruces operar\u00e1n durante las 24 horas del d\u00eda en los pr\u00f3ximos d\u00edas.\u00a0<q>Estamos agradecidos por la cooperaci\u00f3n de M\u00e9xico para reducir la presi\u00f3n migratoria en estos sectores y combatir a los contrabandistas que ponen a los migrantes en peligro<\/q>, dijo un portavoz de la Casa Blanca.<\/span><\/p>\n<p><span style=\"font-size: 14pt;\">Ian Jefferies, presidente y director ejecutivo de la Asociaci\u00f3n de Ferrocarriles Americanos (AAR, por sus siglas en ingl\u00e9s) agradeci\u00f3 al presidente de Estados Unidos, Joe Biden, pero consider\u00f3 que\u00a0<q>estos cierres imprudentes fueron una herramienta de fuerza contundente que no hizo nada para reforzar la capacidad de imponer la ley<\/q>\u00a0y pidi\u00f3 abandonar esta t\u00e1ctica.<\/span><\/p>\n<p><span style=\"font-size: 14pt;\">La CBP coment\u00f3 que para enfrentar el desaf\u00edo ante el aumento de flujo de migrantes est\u00e1 utilizando todos los recursos disponibles para garantizar la seguridad de sus agentes y oficiales, y de los migrantes, quienes a menudo son enga\u00f1ados y victimizados por organizaciones criminales trasnacionales.<\/span><\/p>\n<p><span style=\"font-size: 14pt;\">Los comerciantes, que representan a los productores de ma\u00edz, leche, arroz y soya, entre otros, estimaron que por cada d\u00eda de cierre \u201cse pierden potencialmente casi un mill\u00f3n de\u00a0<em>bushels<\/em>\u00a0de exportaciones de granos junto con el potencial de env\u00edos al exterior de muchos otros productos agr\u00edcolas\u201d.<\/span><\/p>\n<p><span style=\"font-size: 14pt;\">La Asociaci\u00f3n Nacional de Granos y Piensos y la Asociaci\u00f3n de Exportaci\u00f3n de Cereales de Norteam\u00e9rica elogi\u00f3 la reapertura, pero advirti\u00f3 que\u00a0<q>cualquier cierre de cruces hacia M\u00e9xico es inaceptable e impacta significativamente el flujo de granos y semillas oleaginosas para alimentaci\u00f3n humana y ganadera hacia uno de los mercados de exportaci\u00f3n y socios comerciales m\u00e1s importantes de Estados Unidos.<\/q><\/span><\/p>\n<p><span style=\"font-size: 14pt;\">Horas antes de la reapertura en los patios fiscales en Piedras Negras, Coahuila, ciudad que colinda con Eagle Pass, a\u00fan se pod\u00edan observar cientos de vagones de tren a la espera de cruzar la frontera.<\/span><\/p>\n","protected":false},"excerpt":{"rendered":"<p>Estados Unidos reabri\u00f3 pasado el medio d\u00eda del viernes los cruces ferroviarios de Eagle Pass y El Paso, en Texas,<\/p>\n","protected":false},"author":4,"featured_media":28030,"comment_status":"closed","ping_status":"closed","sticky":false,"template":"","format":"standard","meta":{"colormag_page_container_layout":"default_layout","colormag_page_sidebar_layout":"default_layout","_jetpack_memberships_contains_paid_content":false,"footnotes":"","jetpack_publicize_message":"","jetpack_publicize_feature_enabled":true,"jetpack_social_post_already_shared":false,"jetpack_social_options":{"image_generator_settings":{"template":"highway","default_image_id":0,"font":"","enabled":false},"version":2}},"categories":[2050],"tags":[],"class_list":["post-28029","post","type-post","status-publish","format-standard","has-post-thumbnail","hentry","category-economia"],"jetpack_publicize_connections":[],"jetpack_featured_media_url":"https:\/\/i0.wp.com\/politicosaldesnudo.com.mx\/wp-content\/uploads\/2023\/12\/decide-eu-la-reapertura-de-cruces-ferroviarios-de-eagle-pass-y-el-paso-115html-eagle-passjpeg-3976html-13667f16-235d-4e53-b75d-e13cd153d368.webp?fit=1024%2C682&ssl=1","jetpack-related-posts":[],"jetpack_sharing_enabled":true,"_links":{"self":[{"href":"https:\/\/politicosaldesnudo.com.mx\/index.php\/wp-json\/wp\/v2\/posts\/28029","targetHints":{"allow":["GET"]}}],"collection":[{"href":"https:\/\/politicosaldesnudo.com.mx\/index.php\/wp-json\/wp\/v2\/posts"}],"about":[{"href":"https:\/\/politicosaldesnudo.com.mx\/index.php\/wp-json\/wp\/v2\/types\/post"}],"author":[{"embeddable":true,"href":"https:\/\/politicosaldesnudo.com.mx\/index.php\/wp-json\/wp\/v2\/users\/4"}],"replies":[{"embeddable":true,"href":"https:\/\/politicosaldesnudo.com.mx\/index.php\/wp-json\/wp\/v2\/comments?post=28029"}],"version-history":[{"count":0,"href":"https:\/\/politicosaldesnudo.com.mx\/index.php\/wp-json\/wp\/v2\/posts\/28029\/revisions"}],"wp:featuredmedia":[{"embeddable":true,"href":"https:\/\/politicosaldesnudo.com.mx\/index.php\/wp-json\/wp\/v2\/media\/28030"}],"wp:attachment":[{"href":"https:\/\/politicosaldesnudo.com.mx\/index.php\/wp-json\/wp\/v2\/media?parent=28029"}],"wp:term":[{"taxonomy":"category","embeddable":true,"href":"https:\/\/politicosaldesnudo.com.mx\/index.php\/wp-json\/wp\/v2\/categories?post=28029"},{"taxonomy":"post_tag","embeddable":true,"href":"https:\/\/politicosaldesnudo.com.mx\/index.php\/wp-json\/wp\/v2\/tags?post=28029"}],"curies":[{"name":"wp","href":"https:\/\/api.w.org\/{rel}","templated":true}]}}