{"id":28032,"date":"2023-12-23T12:19:54","date_gmt":"2023-12-23T18:19:54","guid":{"rendered":"https:\/\/politicosaldesnudo.com.mx\/?p=28032"},"modified":"2023-12-23T12:19:54","modified_gmt":"2023-12-23T18:19:54","slug":"carlos-slim-ya-controla-mas-de-80-en-la-constructora-espanola-fcc","status":"publish","type":"post","link":"https:\/\/politicosaldesnudo.com.mx\/index.php\/2023\/12\/23\/carlos-slim-ya-controla-mas-de-80-en-la-constructora-espanola-fcc\/","title":{"rendered":"Carlos Slim ya controla m\u00e1s de 80% en la constructora espa\u00f1ola FCC"},"content":{"rendered":"<p><span style=\"font-size: 14pt;\">Carlos Slim, el empresario mexicano que tom\u00f3 el control de la constructora espa\u00f1ola FCC en 2016, aument\u00f3 su participaci\u00f3n de control en la compa\u00f1\u00eda hasta 81.49 por ciento del capital, lo que provoc\u00f3 que el capital flotante se haya reducido a s\u00f3lo 4.7 por ciento del total.<\/span><\/p>\n<p><span style=\"font-size: 14pt;\">Estos cambios en la estructura accionarial de la compa\u00f1\u00eda son resultado de la auto-OPA (oferta p\u00fablica de adquisici\u00f3n) que la empresa lanz\u00f3 el pasado mes de agosto para adquirir a los accionistas sus t\u00edtulos a cambio de una contraprestaci\u00f3n de 12.5 euros.<\/span><\/p>\n<p><span style=\"font-size: 14pt;\">Como 4.5 por ciento de los accionistas aceptaron la oferta y vendieron a la compa\u00f1\u00eda sus t\u00edtulos \u2013al mismo tiempo que el mexicano no vendi\u00f3 ninguna acci\u00f3n\u2013, su participaci\u00f3n de control se elev\u00f3 de forma proporcional sin tener que hacer ning\u00fan desembolso personal en la compra de nuevas acciones.<\/span><\/p>\n<p><span style=\"font-size: 14pt;\">De hecho, la contraprestaci\u00f3n se realiz\u00f3 con parte de los 400 millones de euros que la compa\u00f1\u00eda ingres\u00f3 por la venta a CPP Investments de 24.99 por ciento del capital de su filial FCC Servicios Medio Ambiente.<\/span><\/p>\n<p><span style=\"font-size: 14pt;\">Asimismo, el precio de las acciones en el mercado ya ha subido m\u00e1s de 22 por ciento respecto a los 12.5 euros pagados en la OPA o hasta 65.5 por ciento en comparaci\u00f3n con los 9.23 euros en los que la compa\u00f1\u00eda cotizaba en bolsa justo antes de comunicar la operaci\u00f3n el pasado mes de junio.<\/span><\/p>\n<p><span style=\"font-size: 14pt;\">En los registros de la Comisi\u00f3n Nacional del Mercado de Valores (CNMV) consta 84.7 por ciento de participaci\u00f3n total para Slim, puesto que incluye el 3.2 por ciento en manos de Esther Koplowitz, vicepresidenta primera, cuyas acciones est\u00e1n pignoradas a favor del mexicano por unos pr\u00e9stamos por valor de 202 millones de euros. Sin embargo, no tiene el derecho sobre esos t\u00edtulos, por lo que su participaci\u00f3n se limita a 81.5 por ciento.<\/span><\/p>\n<p><span style=\"font-size: 14pt;\">Con todo ello, a precios actuales de cotizaci\u00f3n, las acciones de Carlos Slim est\u00e1n valoradas en unos 5 mil 700 millones de euros, frente a un valor total para la compa\u00f1\u00eda en bolsa de 7 mil millones de euros.<\/span><\/p>\n","protected":false},"excerpt":{"rendered":"<p>Carlos Slim, el empresario mexicano que tom\u00f3 el control de la constructora espa\u00f1ola FCC en 2016, aument\u00f3 su participaci\u00f3n de<\/p>\n","protected":false},"author":4,"featured_media":28033,"comment_status":"closed","ping_status":"closed","sticky":false,"template":"","format":"standard","meta":{"colormag_page_container_layout":"default_layout","colormag_page_sidebar_layout":"default_layout","_jetpack_memberships_contains_paid_content":false,"footnotes":"","jetpack_publicize_message":"","jetpack_publicize_feature_enabled":true,"jetpack_social_post_already_shared":false,"jetpack_social_options":{"image_generator_settings":{"template":"highway","default_image_id":0,"font":"","enabled":false},"version":2}},"categories":[2050],"tags":[],"class_list":["post-28032","post","type-post","status-publish","format-standard","has-post-thumbnail","hentry","category-economia"],"jetpack_publicize_connections":[],"jetpack_featured_media_url":"https:\/\/i0.wp.com\/politicosaldesnudo.com.mx\/wp-content\/uploads\/2023\/12\/OIP-2-2.jpg?fit=474%2C320&ssl=1","jetpack-related-posts":[],"jetpack_sharing_enabled":true,"_links":{"self":[{"href":"https:\/\/politicosaldesnudo.com.mx\/index.php\/wp-json\/wp\/v2\/posts\/28032","targetHints":{"allow":["GET"]}}],"collection":[{"href":"https:\/\/politicosaldesnudo.com.mx\/index.php\/wp-json\/wp\/v2\/posts"}],"about":[{"href":"https:\/\/politicosaldesnudo.com.mx\/index.php\/wp-json\/wp\/v2\/types\/post"}],"author":[{"embeddable":true,"href":"https:\/\/politicosaldesnudo.com.mx\/index.php\/wp-json\/wp\/v2\/users\/4"}],"replies":[{"embeddable":true,"href":"https:\/\/politicosaldesnudo.com.mx\/index.php\/wp-json\/wp\/v2\/comments?post=28032"}],"version-history":[{"count":0,"href":"https:\/\/politicosaldesnudo.com.mx\/index.php\/wp-json\/wp\/v2\/posts\/28032\/revisions"}],"wp:featuredmedia":[{"embeddable":true,"href":"https:\/\/politicosaldesnudo.com.mx\/index.php\/wp-json\/wp\/v2\/media\/28033"}],"wp:attachment":[{"href":"https:\/\/politicosaldesnudo.com.mx\/index.php\/wp-json\/wp\/v2\/media?parent=28032"}],"wp:term":[{"taxonomy":"category","embeddable":true,"href":"https:\/\/politicosaldesnudo.com.mx\/index.php\/wp-json\/wp\/v2\/categories?post=28032"},{"taxonomy":"post_tag","embeddable":true,"href":"https:\/\/politicosaldesnudo.com.mx\/index.php\/wp-json\/wp\/v2\/tags?post=28032"}],"curies":[{"name":"wp","href":"https:\/\/api.w.org\/{rel}","templated":true}]}}