{"id":28035,"date":"2023-12-23T12:23:27","date_gmt":"2023-12-23T18:23:27","guid":{"rendered":"https:\/\/politicosaldesnudo.com.mx\/?p=28035"},"modified":"2023-12-23T12:23:27","modified_gmt":"2023-12-23T18:23:27","slug":"subsidiaria-de-caterpillar-denego-derechos-a-trabajadores-se","status":"publish","type":"post","link":"https:\/\/politicosaldesnudo.com.mx\/index.php\/2023\/12\/23\/subsidiaria-de-caterpillar-denego-derechos-a-trabajadores-se\/","title":{"rendered":"Subsidiaria de Caterpillar deneg\u00f3 derechos a trabajadores: SE"},"content":{"rendered":"<p><span style=\"font-size: 14pt;\">La empresa Tecnolog\u00eda Modificada, subsidiaria de Caterpillar, incurri\u00f3 en negaci\u00f3n de derechos de libertad de asociaci\u00f3n y negociaci\u00f3n colectiva, indic\u00f3 la Secretar\u00eda de Econom\u00eda (SE), tras informar que concluy\u00f3 la revisi\u00f3n bajo el Mecanismo Laboral de Respuesta R\u00e1pida (MLRR) en el marco del Tratado M\u00e9xico, Estados Unidos y Canad\u00e1 (T-MEC).<\/span><\/p>\n<p><span style=\"font-size: 14pt;\">\u201cEn los resultados de la investigaci\u00f3n que M\u00e9xico comparti\u00f3 a Estados Unidos el pasado 8 de diciembre de 2023, se determin\u00f3 la existencia de ciertas acciones por parte de la empresa que pudieron haber constituido una denegaci\u00f3n a tales derechos\u201d, dijo la dependencia federal.<\/span><\/p>\n<p><span style=\"font-size: 14pt;\">No obstante, durante el periodo de investigaci\u00f3n a la planta ubicada en Nuevo Laredo, Tamaulipas, en conjunto con la Secretar\u00eda del Trabajo y Previsi\u00f3n Social (STPS), se pusieron en pr\u00e1ctica acciones de reparaci\u00f3n, como la publicaci\u00f3n y difusi\u00f3n de una carta de neutralidad y los lineamientos de conducta de su personal; capacitaci\u00f3n al personal de confianza y directivos sobre la carta de neutralidad, as\u00ed como sobre los derechos de libertad de asociaci\u00f3n y negociaci\u00f3n colectiva.<\/span><\/p>\n<p><span style=\"font-size: 14pt;\">En cumplimiento a la sentencia de un juez y, dado el estado de huelga, ofreci\u00f3 la reinstalaci\u00f3n virtual del trabajador despedido injustificadamente, mientras que la STPS firm\u00f3 un compromiso para materializar dicha reinstalaci\u00f3n y capacitar a todos las trabajadores de la planta que no han sido capacitadas.<\/span><\/p>\n<p><span style=\"font-size: 14pt;\">La SE indic\u00f3 que los gobiernos de M\u00e9xico y Estados Unidos concluyeron que los hechos que fueron materia de la queja en el marco del MLRR quedaron solventados dentro del plazo de 45 d\u00edas naturales que establece el T-MEC para la revisi\u00f3n interna.<\/span><\/p>\n<p><span style=\"font-size: 14pt;\">\u201cLa capacidad de los trabajadores para ejercer sus intachables derechos de sindicalizaci\u00f3n es un indicador clave del \u00e9xito de nuestras relaciones comerciales, y el MLRR es una herramienta importante para que el comercio sea exitoso para los trabajadores de nuestros dos pa\u00edses\u201d, dijo la Representante Comercial de Estados Unidos, Katherine Tai, quien tambi\u00e9n se comprometi\u00f3 a vigilar el proceso de huelga que vive la empresa que produce autopartes remanufacturadas.<\/span><\/p>\n<p><span style=\"font-size: 14pt;\">Por otro lado, la SE anunci\u00f3 que admiti\u00f3 una investigaci\u00f3n con el mismo mecanismo del T-MEC, pero a Fujikura Automotive Mexico, ubicada en Piedras Negras, Coahuila.<\/span><\/p>\n<p><span style=\"font-size: 14pt;\">La empresa tambi\u00e9n habr\u00eda incurrido en la negaci\u00f3n de derechos de libertad de asociaci\u00f3n y negociaci\u00f3n colectiva, por lo que el gobierno de M\u00e9xico tiene un plazo de 45 d\u00edas para realizar la investigaci\u00f3n interna en la planta en cuesti\u00f3n.<\/span><\/p>\n","protected":false},"excerpt":{"rendered":"<p>La empresa Tecnolog\u00eda Modificada, subsidiaria de Caterpillar, incurri\u00f3 en negaci\u00f3n de derechos de libertad de asociaci\u00f3n y negociaci\u00f3n colectiva, indic\u00f3<\/p>\n","protected":false},"author":4,"featured_media":28036,"comment_status":"closed","ping_status":"closed","sticky":false,"template":"","format":"standard","meta":{"colormag_page_container_layout":"default_layout","colormag_page_sidebar_layout":"default_layout","_jetpack_memberships_contains_paid_content":false,"footnotes":"","jetpack_publicize_message":"","jetpack_publicize_feature_enabled":true,"jetpack_social_post_already_shared":false,"jetpack_social_options":{"image_generator_settings":{"template":"highway","default_image_id":0,"font":"","enabled":false},"version":2}},"categories":[2050],"tags":[],"class_list":["post-28035","post","type-post","status-publish","format-standard","has-post-thumbnail","hentry","category-economia"],"jetpack_publicize_connections":[],"jetpack_featured_media_url":"https:\/\/i0.wp.com\/politicosaldesnudo.com.mx\/wp-content\/uploads\/2023\/12\/post_ap-104_Conoce-SE_2019.jpg?fit=385%2C227&ssl=1","jetpack-related-posts":[],"jetpack_sharing_enabled":true,"_links":{"self":[{"href":"https:\/\/politicosaldesnudo.com.mx\/index.php\/wp-json\/wp\/v2\/posts\/28035","targetHints":{"allow":["GET"]}}],"collection":[{"href":"https:\/\/politicosaldesnudo.com.mx\/index.php\/wp-json\/wp\/v2\/posts"}],"about":[{"href":"https:\/\/politicosaldesnudo.com.mx\/index.php\/wp-json\/wp\/v2\/types\/post"}],"author":[{"embeddable":true,"href":"https:\/\/politicosaldesnudo.com.mx\/index.php\/wp-json\/wp\/v2\/users\/4"}],"replies":[{"embeddable":true,"href":"https:\/\/politicosaldesnudo.com.mx\/index.php\/wp-json\/wp\/v2\/comments?post=28035"}],"version-history":[{"count":0,"href":"https:\/\/politicosaldesnudo.com.mx\/index.php\/wp-json\/wp\/v2\/posts\/28035\/revisions"}],"wp:featuredmedia":[{"embeddable":true,"href":"https:\/\/politicosaldesnudo.com.mx\/index.php\/wp-json\/wp\/v2\/media\/28036"}],"wp:attachment":[{"href":"https:\/\/politicosaldesnudo.com.mx\/index.php\/wp-json\/wp\/v2\/media?parent=28035"}],"wp:term":[{"taxonomy":"category","embeddable":true,"href":"https:\/\/politicosaldesnudo.com.mx\/index.php\/wp-json\/wp\/v2\/categories?post=28035"},{"taxonomy":"post_tag","embeddable":true,"href":"https:\/\/politicosaldesnudo.com.mx\/index.php\/wp-json\/wp\/v2\/tags?post=28035"}],"curies":[{"name":"wp","href":"https:\/\/api.w.org\/{rel}","templated":true}]}}