{"id":28038,"date":"2023-12-23T12:25:57","date_gmt":"2023-12-23T18:25:57","guid":{"rendered":"https:\/\/politicosaldesnudo.com.mx\/?p=28038"},"modified":"2023-12-23T12:25:57","modified_gmt":"2023-12-23T18:25:57","slug":"rebeldes-huties-y-gobierno-de-yemen-acuerdan-un-alto-al-fuego","status":"publish","type":"post","link":"https:\/\/politicosaldesnudo.com.mx\/index.php\/2023\/12\/23\/rebeldes-huties-y-gobierno-de-yemen-acuerdan-un-alto-al-fuego\/","title":{"rendered":"Rebeldes hut\u00edes y gobierno de Yemen acuerdan un alto al fuego"},"content":{"rendered":"<p><span style=\"font-size: 14pt;\">Dub\u00e1i.-\u00a0Los rebeldes hut\u00edes y el gobierno de Yemen, en guerra, se comprometieron a respetar un nuevo alto el fuego y aceptaron la apertura de un proceso de paz para poner fin a la guerra, anunci\u00f3 el s\u00e1bado el enviado de Naciones Unidas para Yemen.<\/span><\/p>\n<p><span style=\"font-size: 14pt;\">Tras una serie de reuniones en Arabia Saudita y en Om\u00e1n, Hans Grundberg \u00abcelebra el compromiso de las partes con una serie de medidas para instaurar un alto el fuego en todo el pa\u00eds (&#8230;) y para participar en los preparativos para retomar un proceso pol\u00edtico inclusivo bajo los auspicios de la ONU\u00bb, indic\u00f3 el comunicado de esta organizaci\u00f3n.<\/span><\/p>\n<p><span style=\"font-size: 14pt;\">Yemen est\u00e1 sumido desde 2014 en una guerra que opone a los rebeldes hut\u00edes y las fuerzas del gobierno, apoyadas desde 2015 por una coalici\u00f3n militar dirigida por Arabia Saudita.<\/span><\/p>\n<p><span style=\"font-size: 14pt;\">El conflicto ha causado cientos de miles de muertos y una de las peores crisis humanitarias del mundo.<\/span><\/p>\n<p><span style=\"font-size: 14pt;\">La violencia disminuy\u00f3 tras la tregua negociada por la ONU en abril de 2022, que expir\u00f3 el pasado octubre pero sigue respet\u00e1ndose en parte.<\/span><\/p>\n<p><span style=\"font-size: 14pt;\">Seg\u00fan el comunicado, el acuerdo incluye compromisos sobre el pago de salarios de los funcionarios, la apertura de carreteras hacia la ciudad de Taez &#8211; controlada por los rebeldes &#8211; y a otras partes de Yemen, y la reanudaci\u00f3n de las exportaciones de petr\u00f3leo.<\/span><\/p>\n<p><span style=\"font-size: 14pt;\">\u00abLos yemen\u00edes esperan resultados tangibles de este nuevo acuerdo para avanzar hacia una paz duradera\u00bb, declar\u00f3 Grundberg, a\u00f1adiendo que los compromisos \u00abson ante todo una obligaci\u00f3n para con el pueblo yemen\u00ed\u00bb.<\/span><\/p>\n","protected":false},"excerpt":{"rendered":"<p>Dub\u00e1i.-\u00a0Los rebeldes hut\u00edes y el gobierno de Yemen, en guerra, se comprometieron a respetar un nuevo alto el fuego y<\/p>\n","protected":false},"author":4,"featured_media":28039,"comment_status":"closed","ping_status":"closed","sticky":false,"template":"","format":"standard","meta":{"colormag_page_container_layout":"default_layout","colormag_page_sidebar_layout":"default_layout","_jetpack_memberships_contains_paid_content":false,"footnotes":"","jetpack_publicize_message":"","jetpack_publicize_feature_enabled":true,"jetpack_social_post_already_shared":false,"jetpack_social_options":{"image_generator_settings":{"template":"highway","default_image_id":0,"font":"","enabled":false},"version":2}},"categories":[28],"tags":[],"class_list":["post-28038","post","type-post","status-publish","format-standard","has-post-thumbnail","hentry","category-internacional"],"jetpack_publicize_connections":[],"jetpack_featured_media_url":"https:\/\/i0.wp.com\/politicosaldesnudo.com.mx\/wp-content\/uploads\/2023\/12\/rebeldes-huties-y-gobierno-de-yemen-acuerdan-un-alto-al-fuego-4968html-yemenjpg-5150html-2adcf564-e1fb-4e8c-9f6c-b5ec7ab5e992.webp?fit=1024%2C682&ssl=1","jetpack-related-posts":[],"jetpack_sharing_enabled":true,"_links":{"self":[{"href":"https:\/\/politicosaldesnudo.com.mx\/index.php\/wp-json\/wp\/v2\/posts\/28038","targetHints":{"allow":["GET"]}}],"collection":[{"href":"https:\/\/politicosaldesnudo.com.mx\/index.php\/wp-json\/wp\/v2\/posts"}],"about":[{"href":"https:\/\/politicosaldesnudo.com.mx\/index.php\/wp-json\/wp\/v2\/types\/post"}],"author":[{"embeddable":true,"href":"https:\/\/politicosaldesnudo.com.mx\/index.php\/wp-json\/wp\/v2\/users\/4"}],"replies":[{"embeddable":true,"href":"https:\/\/politicosaldesnudo.com.mx\/index.php\/wp-json\/wp\/v2\/comments?post=28038"}],"version-history":[{"count":0,"href":"https:\/\/politicosaldesnudo.com.mx\/index.php\/wp-json\/wp\/v2\/posts\/28038\/revisions"}],"wp:featuredmedia":[{"embeddable":true,"href":"https:\/\/politicosaldesnudo.com.mx\/index.php\/wp-json\/wp\/v2\/media\/28039"}],"wp:attachment":[{"href":"https:\/\/politicosaldesnudo.com.mx\/index.php\/wp-json\/wp\/v2\/media?parent=28038"}],"wp:term":[{"taxonomy":"category","embeddable":true,"href":"https:\/\/politicosaldesnudo.com.mx\/index.php\/wp-json\/wp\/v2\/categories?post=28038"},{"taxonomy":"post_tag","embeddable":true,"href":"https:\/\/politicosaldesnudo.com.mx\/index.php\/wp-json\/wp\/v2\/tags?post=28038"}],"curies":[{"name":"wp","href":"https:\/\/api.w.org\/{rel}","templated":true}]}}