{"id":28121,"date":"2023-12-26T11:25:41","date_gmt":"2023-12-26T17:25:41","guid":{"rendered":"https:\/\/politicosaldesnudo.com.mx\/?p=28121"},"modified":"2023-12-26T11:25:41","modified_gmt":"2023-12-26T17:25:41","slug":"fiscalia-de-veracruz-segunda-del-pais-con-mejor-percepcion-de-confianza","status":"publish","type":"post","link":"https:\/\/politicosaldesnudo.com.mx\/index.php\/2023\/12\/26\/fiscalia-de-veracruz-segunda-del-pais-con-mejor-percepcion-de-confianza\/","title":{"rendered":"Fiscal\u00eda de Veracruz, segunda del pa\u00eds con mejor percepci\u00f3n de confianza"},"content":{"rendered":"<p><span style=\"font-size: 14pt;\">La titular de la Fiscal\u00eda General del Estado (FGE), Ver\u00f3nica Hern\u00e1ndez Giad\u00e1ns, dio a conocer que durante 2023 el organismo a su cargo se coloc\u00f3 en segundo lugar a nivel nacional entre las fiscal\u00edas del pa\u00eds mejor evaluadas en percepci\u00f3n de confianza.<\/span><\/p>\n<p><span style=\"font-size: 14pt;\">Opin\u00f3 que la confianza es hacia la trilog\u00eda investigadora, es decir fiscales investigadores, polic\u00edas ministeriales y peritos.<\/span><\/p>\n<p><span style=\"font-size: 14pt;\">Reconoci\u00f3 el trabajo, compromiso y dedicaci\u00f3n de todo el personal que labora en la FGE por haber demostrado mayor sensibilidad en la atenci\u00f3n y servicio a las v\u00edctimas de un delito.<\/span><\/p>\n<p><span style=\"font-size: 14pt;\">Hern\u00e1ndez Giad\u00e1ns recalc\u00f3 que durante este a\u00f1o se trabaj\u00f3 con una actitud diferente lo que permiti\u00f3 recuperar la confianza hacia la instituci\u00f3n.<\/span><\/p>\n<p><span style=\"font-size: 14pt;\">Resalt\u00f3 que la Fiscal\u00eda cumpli\u00f3 con su labor social de procuraci\u00f3n de justicia, apegada a la ley y con respeto a los derechos humanos y as\u00ed preservar la paz social y la gobernabilidad.<\/span><\/p>\n<figure class=\"wp-block-pullquote has-black-color has-text-color has-link-color wp-elements-188c885ce8c241424dd780915bc63436\">\n<blockquote><p><span style=\"font-size: 14pt;\">\u201cCerramos el a\u00f1o con gran ritmo de trabajo, intenso, sin pausa y sin descanso, orgullosos de pertenecer a la Fiscal\u00eda\u201d.<\/span><\/p><\/blockquote>\n<\/figure>\n<p><span style=\"font-size: 14pt;\">Para finalizar, convoc\u00f3 al personal de la dependencia a su cargo a continuar trabajando con responsabilidad al servicio de los veracruzanos, para as\u00ed continuar manteniendo el reconocimiento nacional y estatal durante el pr\u00f3ximo a\u00f1o 2024.<\/span><\/p>\n","protected":false},"excerpt":{"rendered":"<p>La titular de la Fiscal\u00eda General del Estado (FGE), Ver\u00f3nica Hern\u00e1ndez Giad\u00e1ns, dio a conocer que durante 2023 el organismo<\/p>\n","protected":false},"author":4,"featured_media":28122,"comment_status":"closed","ping_status":"closed","sticky":false,"template":"","format":"standard","meta":{"colormag_page_container_layout":"default_layout","colormag_page_sidebar_layout":"default_layout","_jetpack_memberships_contains_paid_content":false,"footnotes":"","jetpack_publicize_message":"","jetpack_publicize_feature_enabled":true,"jetpack_social_post_already_shared":false,"jetpack_social_options":{"image_generator_settings":{"template":"highway","default_image_id":0,"font":"","enabled":false},"version":2}},"categories":[30],"tags":[],"class_list":["post-28121","post","type-post","status-publish","format-standard","has-post-thumbnail","hentry","category-estados"],"jetpack_publicize_connections":[],"jetpack_featured_media_url":"https:\/\/i0.wp.com\/politicosaldesnudo.com.mx\/wp-content\/uploads\/2023\/12\/R-2-1.jpg?fit=1024%2C512&ssl=1","jetpack-related-posts":[],"jetpack_sharing_enabled":true,"_links":{"self":[{"href":"https:\/\/politicosaldesnudo.com.mx\/index.php\/wp-json\/wp\/v2\/posts\/28121","targetHints":{"allow":["GET"]}}],"collection":[{"href":"https:\/\/politicosaldesnudo.com.mx\/index.php\/wp-json\/wp\/v2\/posts"}],"about":[{"href":"https:\/\/politicosaldesnudo.com.mx\/index.php\/wp-json\/wp\/v2\/types\/post"}],"author":[{"embeddable":true,"href":"https:\/\/politicosaldesnudo.com.mx\/index.php\/wp-json\/wp\/v2\/users\/4"}],"replies":[{"embeddable":true,"href":"https:\/\/politicosaldesnudo.com.mx\/index.php\/wp-json\/wp\/v2\/comments?post=28121"}],"version-history":[{"count":0,"href":"https:\/\/politicosaldesnudo.com.mx\/index.php\/wp-json\/wp\/v2\/posts\/28121\/revisions"}],"wp:featuredmedia":[{"embeddable":true,"href":"https:\/\/politicosaldesnudo.com.mx\/index.php\/wp-json\/wp\/v2\/media\/28122"}],"wp:attachment":[{"href":"https:\/\/politicosaldesnudo.com.mx\/index.php\/wp-json\/wp\/v2\/media?parent=28121"}],"wp:term":[{"taxonomy":"category","embeddable":true,"href":"https:\/\/politicosaldesnudo.com.mx\/index.php\/wp-json\/wp\/v2\/categories?post=28121"},{"taxonomy":"post_tag","embeddable":true,"href":"https:\/\/politicosaldesnudo.com.mx\/index.php\/wp-json\/wp\/v2\/tags?post=28121"}],"curies":[{"name":"wp","href":"https:\/\/api.w.org\/{rel}","templated":true}]}}