{"id":28221,"date":"2023-12-29T10:45:24","date_gmt":"2023-12-29T16:45:24","guid":{"rendered":"https:\/\/politicosaldesnudo.com.mx\/?p=28221"},"modified":"2023-12-29T10:45:24","modified_gmt":"2023-12-29T16:45:24","slug":"ampliaran-horario-de-atencion-en-mercado","status":"publish","type":"post","link":"https:\/\/politicosaldesnudo.com.mx\/index.php\/2023\/12\/29\/ampliaran-horario-de-atencion-en-mercado\/","title":{"rendered":"Ampliar\u00e1n horario de atenci\u00f3n en mercado"},"content":{"rendered":"<p><span style=\"font-size: 14pt;\">Durante el fin de semana los d\u00edas 30 y 31 de diciembre, los locatarios del mercado municipal Enrique Rodr\u00edguez Cano, ampliar\u00e1n su horario de atenci\u00f3n, con la finalidad de dar oportunidad a toda la clientela de que realice sus comprar para el fin de a\u00f1o.<\/span><\/p>\n<p><span style=\"font-size: 14pt;\">De acuerdo con lo se\u00f1alado por el secretario del interior Guillermo Hern\u00e1ndez, esos dos d\u00edas se espera gran afluencia en las instalaciones del mercado, por lo que habr\u00e1n de cerrar entre 7 y 8 de la noche, cuando normalmente lo hacen a las 6 de la tarde.<\/span><\/p>\n<p><span style=\"font-size: 14pt;\">Dijo \u00abLas ventas no han sido las que todos esper\u00e1bamos, tenemos mucha competencia, desde las cadenas comerciales grandes, hasta los vendedores informales que en esta temporada invaden todo el primer cuadro\u00bb, asegur\u00f3.<\/span><\/p>\n<p><span style=\"font-size: 14pt;\">Por lo anterior, destac\u00f3 que debido a que el movimiento con las compras de \u00faltimo momento se dio el 23 y 24, esperan la misma situaci\u00f3n el 30 y 31, y ese contexto habr\u00e1n de brindar la atenci\u00f3n, y cerrar\u00e1n las puertas hasta que se atienda al \u00faltimo cliente.<\/span><\/p>\n<p><span style=\"font-size: 14pt;\">Guillermo Hern\u00e1ndez, coment\u00f3 que los locatarios cuentan con todos los productos y art\u00edculos necesarios para las fiestas de fin de a\u00f1o, desde frutas, verduras, carnes, y hasta juguetes, ropa, zapatos y otros accesorios.<\/span><\/p>\n<p><span style=\"font-size: 14pt;\">Despu\u00e9s de estas fechas, los comerciantes del mercado esperan una baja en sus ventas, ya que para el 6 de enero d\u00eda de Reyes esperan ventas principalmente de juguetes, ropa y zapatos.<\/span><\/p>\n","protected":false},"excerpt":{"rendered":"<p>Durante el fin de semana los d\u00edas 30 y 31 de diciembre, los locatarios del mercado municipal Enrique Rodr\u00edguez Cano,<\/p>\n","protected":false},"author":4,"featured_media":28222,"comment_status":"closed","ping_status":"closed","sticky":false,"template":"","format":"standard","meta":{"colormag_page_container_layout":"default_layout","colormag_page_sidebar_layout":"default_layout","_jetpack_memberships_contains_paid_content":false,"footnotes":"","jetpack_publicize_message":"","jetpack_publicize_feature_enabled":true,"jetpack_social_post_already_shared":false,"jetpack_social_options":{"image_generator_settings":{"template":"highway","default_image_id":0,"font":"","enabled":false},"version":2}},"categories":[1082],"tags":[],"class_list":["post-28221","post","type-post","status-publish","format-standard","has-post-thumbnail","hentry","category-tuxpan"],"jetpack_publicize_connections":[],"jetpack_featured_media_url":"https:\/\/i0.wp.com\/politicosaldesnudo.com.mx\/wp-content\/uploads\/2023\/12\/4b1.jpg?fit=1600%2C1200&ssl=1","jetpack-related-posts":[],"jetpack_sharing_enabled":true,"_links":{"self":[{"href":"https:\/\/politicosaldesnudo.com.mx\/index.php\/wp-json\/wp\/v2\/posts\/28221","targetHints":{"allow":["GET"]}}],"collection":[{"href":"https:\/\/politicosaldesnudo.com.mx\/index.php\/wp-json\/wp\/v2\/posts"}],"about":[{"href":"https:\/\/politicosaldesnudo.com.mx\/index.php\/wp-json\/wp\/v2\/types\/post"}],"author":[{"embeddable":true,"href":"https:\/\/politicosaldesnudo.com.mx\/index.php\/wp-json\/wp\/v2\/users\/4"}],"replies":[{"embeddable":true,"href":"https:\/\/politicosaldesnudo.com.mx\/index.php\/wp-json\/wp\/v2\/comments?post=28221"}],"version-history":[{"count":0,"href":"https:\/\/politicosaldesnudo.com.mx\/index.php\/wp-json\/wp\/v2\/posts\/28221\/revisions"}],"wp:featuredmedia":[{"embeddable":true,"href":"https:\/\/politicosaldesnudo.com.mx\/index.php\/wp-json\/wp\/v2\/media\/28222"}],"wp:attachment":[{"href":"https:\/\/politicosaldesnudo.com.mx\/index.php\/wp-json\/wp\/v2\/media?parent=28221"}],"wp:term":[{"taxonomy":"category","embeddable":true,"href":"https:\/\/politicosaldesnudo.com.mx\/index.php\/wp-json\/wp\/v2\/categories?post=28221"},{"taxonomy":"post_tag","embeddable":true,"href":"https:\/\/politicosaldesnudo.com.mx\/index.php\/wp-json\/wp\/v2\/tags?post=28221"}],"curies":[{"name":"wp","href":"https:\/\/api.w.org\/{rel}","templated":true}]}}