{"id":28336,"date":"2024-01-01T13:00:16","date_gmt":"2024-01-01T19:00:16","guid":{"rendered":"https:\/\/politicosaldesnudo.com.mx\/?p=28336"},"modified":"2024-01-01T13:00:16","modified_gmt":"2024-01-01T19:00:16","slug":"el-porvenir-va-a-ser-de-nosotros-dice-amlo-en-su-felicitacion-de-ano-nuevo","status":"publish","type":"post","link":"https:\/\/politicosaldesnudo.com.mx\/index.php\/2024\/01\/01\/el-porvenir-va-a-ser-de-nosotros-dice-amlo-en-su-felicitacion-de-ano-nuevo\/","title":{"rendered":"\u00abEl porvenir va a ser de nosotros\u00bb, dice AMLO en su felicitaci\u00f3n de A\u00f1o Nuevo"},"content":{"rendered":"<p><span style=\"font-size: 14pt;\">El presidente Andr\u00e9s Manuel L\u00f3pez Obrador envi\u00f3 su mensaje de felicitaci\u00f3n por el A\u00f1o Nuevo, \u201ca todos los mexicanos mi deseo de felicidad\u201d y agreg\u00f3 \u201chay que ver las cosas con optimismo porque el porvenir va a ser de nosotros\u201d.<\/span><\/p>\n<p class=\"western\"><span style=\"font-size: 14pt;\">A trav\u00e9s de un video difundido en sus cuentas de redes sociales, plante\u00f3 \u201clo que m\u00e1s anhelo es que nos vaya bien a todos en este a\u00f1o 2024\u201d.<\/span><\/p>\n<p class=\"western\"><span style=\"font-size: 14pt;\">El mensaje fue grabado por el titular del Ejecutivo en la zona arqueol\u00f3gica de Palenque. \u201cAqu\u00ed amanec\u00ed\u201d, dijo luego de recorrer uno de los pisos del Templo de las Inscripciones. Se\u00f1al\u00f3 a la distancia una plataforma que escal\u00f3 cuando era estudiante en la Facultad de Ciencias Pol\u00edticas y Sociales de la UNAM y \u201cdesde este sitio m\u00edstico, sagrado, de esta metr\u00f3poli pol\u00edtica antigua, de tanta cultura, conocimiento y arte\u201d, env\u00edo su deseo de felicidad para los mexicanos.<\/span><\/p>\n<p class=\"western\"><span style=\"font-size: 14pt;\">Expres\u00f3 su confianza de que \u201cle vaya muy bien al pueblo de M\u00e9xico, que no se sufra por ninguna calamidad y que haya mucha felicidad, mucha alegr\u00eda.<\/span><\/p>\n<p class=\"western\"><span style=\"font-size: 14pt;\">\u201cHay que ver las cosas con optimismo porque el porvenir va a ser de nosotros. Lo merecemos y creo que estamos bien con la naturaleza y estamos bien con el creador. Felicidades\u201d.<\/span><\/p>\n","protected":false},"excerpt":{"rendered":"<p>El presidente Andr\u00e9s Manuel L\u00f3pez Obrador envi\u00f3 su mensaje de felicitaci\u00f3n por el A\u00f1o Nuevo, \u201ca todos los mexicanos mi<\/p>\n","protected":false},"author":4,"featured_media":28337,"comment_status":"closed","ping_status":"closed","sticky":false,"template":"","format":"standard","meta":{"colormag_page_container_layout":"default_layout","colormag_page_sidebar_layout":"default_layout","_jetpack_memberships_contains_paid_content":false,"footnotes":"","jetpack_publicize_message":"","jetpack_publicize_feature_enabled":true,"jetpack_social_post_already_shared":false,"jetpack_social_options":{"image_generator_settings":{"template":"highway","default_image_id":0,"font":"","enabled":false},"version":2}},"categories":[33],"tags":[],"class_list":["post-28336","post","type-post","status-publish","format-standard","has-post-thumbnail","hentry","category-nacional"],"jetpack_publicize_connections":[],"jetpack_featured_media_url":"https:\/\/i0.wp.com\/politicosaldesnudo.com.mx\/wp-content\/uploads\/2024\/01\/AMLO.jpg?fit=1024%2C576&ssl=1","jetpack-related-posts":[],"jetpack_sharing_enabled":true,"_links":{"self":[{"href":"https:\/\/politicosaldesnudo.com.mx\/index.php\/wp-json\/wp\/v2\/posts\/28336","targetHints":{"allow":["GET"]}}],"collection":[{"href":"https:\/\/politicosaldesnudo.com.mx\/index.php\/wp-json\/wp\/v2\/posts"}],"about":[{"href":"https:\/\/politicosaldesnudo.com.mx\/index.php\/wp-json\/wp\/v2\/types\/post"}],"author":[{"embeddable":true,"href":"https:\/\/politicosaldesnudo.com.mx\/index.php\/wp-json\/wp\/v2\/users\/4"}],"replies":[{"embeddable":true,"href":"https:\/\/politicosaldesnudo.com.mx\/index.php\/wp-json\/wp\/v2\/comments?post=28336"}],"version-history":[{"count":0,"href":"https:\/\/politicosaldesnudo.com.mx\/index.php\/wp-json\/wp\/v2\/posts\/28336\/revisions"}],"wp:featuredmedia":[{"embeddable":true,"href":"https:\/\/politicosaldesnudo.com.mx\/index.php\/wp-json\/wp\/v2\/media\/28337"}],"wp:attachment":[{"href":"https:\/\/politicosaldesnudo.com.mx\/index.php\/wp-json\/wp\/v2\/media?parent=28336"}],"wp:term":[{"taxonomy":"category","embeddable":true,"href":"https:\/\/politicosaldesnudo.com.mx\/index.php\/wp-json\/wp\/v2\/categories?post=28336"},{"taxonomy":"post_tag","embeddable":true,"href":"https:\/\/politicosaldesnudo.com.mx\/index.php\/wp-json\/wp\/v2\/tags?post=28336"}],"curies":[{"name":"wp","href":"https:\/\/api.w.org\/{rel}","templated":true}]}}