{"id":28454,"date":"2024-01-03T10:23:36","date_gmt":"2024-01-03T16:23:36","guid":{"rendered":"https:\/\/politicosaldesnudo.com.mx\/?p=28454"},"modified":"2024-01-03T10:23:36","modified_gmt":"2024-01-03T16:23:36","slug":"abatiran-rezago-de-infraestructura","status":"publish","type":"post","link":"https:\/\/politicosaldesnudo.com.mx\/index.php\/2024\/01\/03\/abatiran-rezago-de-infraestructura\/","title":{"rendered":"Abatir\u00e1n rezago de infraestructura"},"content":{"rendered":"<p><span style=\"font-size: 14pt;\">Tuxpan.- Durante este 2024 el objetivo primordial del gobierno local ser\u00e1 seguir abatiendo el gran rezago social que tiene Tuxpan, y continuar combatiendo el olvido de gobiernos anteriores, inform\u00f3 el director de Desarrollo Social, Jes\u00fas Carballo.<\/span><\/p>\n<p><span style=\"font-size: 14pt;\">El entrevistado, enfatiz\u00f3 que terminaron un a\u00f1o con mucho apoyo a la educaci\u00f3n y se cumpli\u00f3 el prop\u00f3sito de dotar con al menos una obra a cada comunidad, adem\u00e1s de apoyar a colonias que ten\u00edan m\u00e1s de 50 a\u00f1os de no ser escuchadas.<\/span><\/p>\n<p><img data-recalc-dims=\"1\" loading=\"lazy\" decoding=\"async\" class=\"aligncenter size-large wp-image-28455\" src=\"https:\/\/i0.wp.com\/politicosaldesnudo.com.mx\/wp-content\/uploads\/2024\/01\/5b-1024x464.jpg?resize=800%2C363&#038;ssl=1\" alt=\"\" width=\"800\" height=\"363\" srcset=\"https:\/\/i0.wp.com\/politicosaldesnudo.com.mx\/wp-content\/uploads\/2024\/01\/5b.jpg?resize=1024%2C464&amp;ssl=1 1024w, https:\/\/i0.wp.com\/politicosaldesnudo.com.mx\/wp-content\/uploads\/2024\/01\/5b.jpg?resize=300%2C136&amp;ssl=1 300w, https:\/\/i0.wp.com\/politicosaldesnudo.com.mx\/wp-content\/uploads\/2024\/01\/5b.jpg?resize=768%2C348&amp;ssl=1 768w, https:\/\/i0.wp.com\/politicosaldesnudo.com.mx\/wp-content\/uploads\/2024\/01\/5b.jpg?resize=1536%2C696&amp;ssl=1 1536w, https:\/\/i0.wp.com\/politicosaldesnudo.com.mx\/wp-content\/uploads\/2024\/01\/5b.jpg?w=1600&amp;ssl=1 1600w\" sizes=\"auto, (max-width: 800px) 100vw, 800px\" \/><\/p>\n<p><span style=\"font-size: 14pt;\">Para este 2024, Carballo Serrano, indic\u00f3 que saldr\u00e1n proyectos que fueron solicitados en estos dos a\u00f1os de gobierno y que por cuestiones de presupuesto no pudieron ser completados y que se van a retomar, as\u00ed mismo, la continuaci\u00f3n de obras que ser\u00e1n ejecutadas por etapas, como temas de agua y drenaje, tambi\u00e9n comenzar\u00e1n con la estructuraci\u00f3n de los comit\u00e9s de obras para este a\u00f1o.<\/span><\/p>\n<p><span style=\"font-size: 14pt;\">En este tenor, hizo el llamado a los ciudadanos que tengan alguna duda para la integraci\u00f3n de los comit\u00e9s, a que acudan a la oficina para mayores informes.<\/span><\/p>\n","protected":false},"excerpt":{"rendered":"<p>Tuxpan.- Durante este 2024 el objetivo primordial del gobierno local ser\u00e1 seguir abatiendo el gran rezago social que tiene Tuxpan,<\/p>\n","protected":false},"author":4,"featured_media":28456,"comment_status":"closed","ping_status":"closed","sticky":false,"template":"","format":"standard","meta":{"colormag_page_container_layout":"default_layout","colormag_page_sidebar_layout":"default_layout","_jetpack_memberships_contains_paid_content":false,"footnotes":"","jetpack_publicize_message":"","jetpack_publicize_feature_enabled":true,"jetpack_social_post_already_shared":false,"jetpack_social_options":{"image_generator_settings":{"template":"highway","default_image_id":0,"font":"","enabled":false},"version":2}},"categories":[1082],"tags":[],"class_list":["post-28454","post","type-post","status-publish","format-standard","has-post-thumbnail","hentry","category-tuxpan"],"jetpack_publicize_connections":[],"jetpack_featured_media_url":"https:\/\/i0.wp.com\/politicosaldesnudo.com.mx\/wp-content\/uploads\/2024\/01\/5b1.jpg?fit=1537%2C858&ssl=1","jetpack-related-posts":[],"jetpack_sharing_enabled":true,"_links":{"self":[{"href":"https:\/\/politicosaldesnudo.com.mx\/index.php\/wp-json\/wp\/v2\/posts\/28454","targetHints":{"allow":["GET"]}}],"collection":[{"href":"https:\/\/politicosaldesnudo.com.mx\/index.php\/wp-json\/wp\/v2\/posts"}],"about":[{"href":"https:\/\/politicosaldesnudo.com.mx\/index.php\/wp-json\/wp\/v2\/types\/post"}],"author":[{"embeddable":true,"href":"https:\/\/politicosaldesnudo.com.mx\/index.php\/wp-json\/wp\/v2\/users\/4"}],"replies":[{"embeddable":true,"href":"https:\/\/politicosaldesnudo.com.mx\/index.php\/wp-json\/wp\/v2\/comments?post=28454"}],"version-history":[{"count":0,"href":"https:\/\/politicosaldesnudo.com.mx\/index.php\/wp-json\/wp\/v2\/posts\/28454\/revisions"}],"wp:featuredmedia":[{"embeddable":true,"href":"https:\/\/politicosaldesnudo.com.mx\/index.php\/wp-json\/wp\/v2\/media\/28456"}],"wp:attachment":[{"href":"https:\/\/politicosaldesnudo.com.mx\/index.php\/wp-json\/wp\/v2\/media?parent=28454"}],"wp:term":[{"taxonomy":"category","embeddable":true,"href":"https:\/\/politicosaldesnudo.com.mx\/index.php\/wp-json\/wp\/v2\/categories?post=28454"},{"taxonomy":"post_tag","embeddable":true,"href":"https:\/\/politicosaldesnudo.com.mx\/index.php\/wp-json\/wp\/v2\/tags?post=28454"}],"curies":[{"name":"wp","href":"https:\/\/api.w.org\/{rel}","templated":true}]}}