{"id":28510,"date":"2024-01-04T08:12:13","date_gmt":"2024-01-04T14:12:13","guid":{"rendered":"https:\/\/politicosaldesnudo.com.mx\/?p=28510"},"modified":"2024-01-04T08:21:58","modified_gmt":"2024-01-04T14:21:58","slug":"marko-alito-zambrano-y-beltrones-al-senado","status":"publish","type":"post","link":"https:\/\/politicosaldesnudo.com.mx\/index.php\/2024\/01\/04\/marko-alito-zambrano-y-beltrones-al-senado\/","title":{"rendered":"Marko, \u2018Alito\u2019, Zambrano y Beltrones al Senado"},"content":{"rendered":"<p><strong><span style=\"font-size: 14pt;\">Por Jos\u00e9 Ure\u00f1a<\/span><\/strong><\/p>\n<p><span style=\"font-size: 14pt;\">Est\u00e1n por consumarse tres postulaciones:<\/span><\/p>\n<p><span style=\"font-size: 14pt;\">Los dirigentes de los partidos de la alianza <em><strong>Frente y Coraz\u00f3n por M\u00e9xico<\/strong><\/em> encabezar\u00e1n sus respectivas listas al Senado y as\u00ed lo comunicar\u00e1n a <strong>X\u00f3chitl G\u00e1lvez<\/strong>.<\/span><\/p>\n<p><span style=\"font-size: 14pt;\">\u00a0Es decir, durante el sexenio pr\u00f3ximo llamaremos senadores al panista <strong>Marko Cort\u00e9s Mendoza<\/strong>, al priista <strong>Alejandro Moreno C\u00e1rdenas <\/strong>y al perredista <strong>Jes\u00fas Zambrano Grijalva<\/strong>.<\/span><\/p>\n<p><span style=\"font-size: 14pt;\">\u00a0No nada m\u00e1s los presidentes de PAN, PRI y PRD.<\/span><\/p>\n<p><span style=\"font-size: 14pt;\">Est\u00e1n en negociaciones para acomodar a varios miembros de sus respectivos comit\u00e9s para arrogarse las mejores posiciones para las dos c\u00e1maras del Congreso de la Uni\u00f3n a fin de garantizar esca\u00f1os y curules.<\/span><\/p>\n<p><span style=\"font-size: 14pt;\">\u00a0No quieren hacer campa\u00f1as de tierra.<\/span><\/p>\n<p><span style=\"font-size: 14pt;\">Diferente a otros, como los exgobernadores <strong>Manlio Fabio Beltrones <\/strong>y <strong>H\u00e9ctor Astudillo Flores<\/strong>, quienes s\u00ed est\u00e1n dispuestos a someterse al juicio electoral de sus ciudadanos.<\/span><\/p>\n<p><span style=\"font-size: 14pt;\">\u00a0Su ruta ser\u00eda distinta si prosperan sus intenciones porque el sonorense va al Senado, donde ha estado en cuatro Legislaturas y en dos de ellas l\u00edder de la bancada priista.<\/span><\/p>\n<p><span style=\"font-size: 14pt;\">Y el guerrerense pretende acreditar en las urnas la diputaci\u00f3n federal con sede en Chilpancingo, municipio al cual gobern\u00f3 y desde donde despach\u00f3 de 2015 al 2021.<\/span><\/p>\n<p><span style=\"font-size: 14pt;\">\u00a0-Estoy preparado para ganar -me dijo <strong>Astudillo Flores<\/strong> cuando confirm\u00e9 su participaci\u00f3n-; simplemente falta la venia de mi partido, el PRI, para preparar mi registro y hacer campa\u00f1a.<\/span><\/p>\n<p><span style=\"font-size: 14pt;\"><strong>ROMERO Y MOREIRA<\/strong><\/span><\/p>\n<p><span style=\"font-size: 14pt;\">A las elecciones seguir\u00e1n renovaciones.<\/span><\/p>\n<p><span style=\"font-size: 14pt;\">En el PAN las cosas est\u00e1n avanzadas para aupar a <strong>Jorge Romero Herrera<\/strong>, exdelegado en Benito Ju\u00e1rez y actual coordinador de la bancada azul en la C\u00e1mara de Diputados.<\/span><\/p>\n<p><span style=\"font-size: 14pt;\">En el PRI las corrientes internas se dirigen para postular a <strong>Rub\u00e9n Moreira Valdez<\/strong>, coordinador de la fracci\u00f3n tricolor en San L\u00e1zaro y esposo de la actual secretaria general, <strong>Carolina Viggiano<\/strong>.<\/span><\/p>\n<p><span style=\"font-size: 14pt;\">Ella ir\u00e1 en primer o segundo lugar al Senado de la Rep\u00fablica, seg\u00fan lo determine el INE.<\/span><\/p>\n<p><span style=\"font-size: 14pt;\">Como tambi\u00e9n ir\u00e1 <strong>Graciela Ortiz<\/strong> con su largo curr\u00edculum: exdiputada, exsenadora, excandidata a gobernadora y ahora secretaria de Organizaci\u00f3n del comit\u00e9 priista.<\/span><\/p>\n<p><span style=\"font-size: 14pt;\">Las negociaciones podr\u00edan terminar a finales de la semana pr\u00f3xima, aunque <em><strong>Alito <\/strong><\/em>todav\u00eda analiza si permanece en la C\u00e1mara porque, me dijo, \u201cah\u00ed se dar\u00e1 la gran lucha pol\u00edtica en el pr\u00f3ximo sexenio\u201d.<\/span><\/p>\n<p><span style=\"font-size: 14pt;\"><strong>OSUNA Y GUTI\u00c9RREZ<\/strong><\/span><\/p>\n<p><span style=\"font-size: 14pt;\">1.- Otros dirigentes tambi\u00e9n tendr\u00e1n acomodo en la mal llamada C\u00e1mara alta:<\/span><\/p>\n<p><span style=\"font-size: 14pt;\">El exgobernador panista de Baja California <strong>Jos\u00e9 Guadalupe Osuna Mill\u00e1n <\/strong>encabezar\u00e1 la primera f\u00f3rmula al Senado en aquella entidad por negociaci\u00f3n interpartidista.<\/span><\/p>\n<p><span style=\"font-size: 14pt;\">En la segunda f\u00f3rmula ir\u00e1 la priista <strong>Guadalupe Guti\u00e9rrez Fregoso<\/strong>, quien se ha desempe\u00f1ado como dirigente estatal y desde ah\u00ed ha sido cr\u00edtica feroz de los gobiernos morenistas de <strong>Jaime Bonilla <\/strong>y <strong>Marina del Pilar<\/strong>.<\/span><\/p>\n<p><span style=\"font-size: 14pt;\">Y 2.- Esposas de exmineros de Cananea se han acercado al gobernador sonorense <strong>Alfonso Durazo <\/strong>en busca de apoyo para negociar con \u00e9l \u201cuna liquidaci\u00f3n digna\u201d.<\/span><\/p>\n<p><span style=\"font-size: 14pt;\">Seg\u00fan su dicho, buscan un arreglo \u201cal margen de lo que diga o haga el comit\u00e9 nacional del sindicato minero de <strong>Napole\u00f3n G\u00f3mez Urrutia<\/strong>\u201d, quien ahora hace una visita oficial a Espa\u00f1a.<\/span><\/p>\n<p><span style=\"font-size: 14pt;\">\u00a0Su primera petici\u00f3n a <strong>Durazo <\/strong>es gestionar una entrevista con <strong>L\u00f3pez Obrador <\/strong>durante la visita prevista para febrero pr\u00f3ximo y exponer sus disidencias y reclamos.<\/span><\/p>\n<p><img data-recalc-dims=\"1\" loading=\"lazy\" decoding=\"async\" class=\"aligncenter size-full wp-image-28380\" src=\"https:\/\/i0.wp.com\/politicosaldesnudo.com.mx\/wp-content\/uploads\/2024\/01\/FIRMA-EDITORIAL-PD.jpg?resize=800%2C98&#038;ssl=1\" alt=\"\" width=\"800\" height=\"98\" srcset=\"https:\/\/i0.wp.com\/politicosaldesnudo.com.mx\/wp-content\/uploads\/2024\/01\/FIRMA-EDITORIAL-PD.jpg?w=1024&amp;ssl=1 1024w, https:\/\/i0.wp.com\/politicosaldesnudo.com.mx\/wp-content\/uploads\/2024\/01\/FIRMA-EDITORIAL-PD.jpg?resize=300%2C37&amp;ssl=1 300w, https:\/\/i0.wp.com\/politicosaldesnudo.com.mx\/wp-content\/uploads\/2024\/01\/FIRMA-EDITORIAL-PD.jpg?resize=768%2C94&amp;ssl=1 768w\" sizes=\"auto, (max-width: 800px) 100vw, 800px\" \/><\/p>\n","protected":false},"excerpt":{"rendered":"<p>Por Jos\u00e9 Ure\u00f1a Est\u00e1n por consumarse tres postulaciones: Los dirigentes de los partidos de la alianza Frente y Coraz\u00f3n por<\/p>\n","protected":false},"author":4,"featured_media":28513,"comment_status":"closed","ping_status":"closed","sticky":false,"template":"","format":"standard","meta":{"colormag_page_container_layout":"default_layout","colormag_page_sidebar_layout":"default_layout","_jetpack_memberships_contains_paid_content":false,"footnotes":"","jetpack_publicize_message":"","jetpack_publicize_feature_enabled":true,"jetpack_social_post_already_shared":false,"jetpack_social_options":{"image_generator_settings":{"template":"highway","default_image_id":0,"font":"","enabled":false},"version":2}},"categories":[26],"tags":[],"class_list":["post-28510","post","type-post","status-publish","format-standard","has-post-thumbnail","hentry","category-columnistas"],"jetpack_publicize_connections":[],"jetpack_featured_media_url":"https:\/\/i0.wp.com\/politicosaldesnudo.com.mx\/wp-content\/uploads\/2024\/01\/BANNER-JOSE-URENA.jpg?fit=800%2C445&ssl=1","jetpack-related-posts":[],"jetpack_sharing_enabled":true,"_links":{"self":[{"href":"https:\/\/politicosaldesnudo.com.mx\/index.php\/wp-json\/wp\/v2\/posts\/28510","targetHints":{"allow":["GET"]}}],"collection":[{"href":"https:\/\/politicosaldesnudo.com.mx\/index.php\/wp-json\/wp\/v2\/posts"}],"about":[{"href":"https:\/\/politicosaldesnudo.com.mx\/index.php\/wp-json\/wp\/v2\/types\/post"}],"author":[{"embeddable":true,"href":"https:\/\/politicosaldesnudo.com.mx\/index.php\/wp-json\/wp\/v2\/users\/4"}],"replies":[{"embeddable":true,"href":"https:\/\/politicosaldesnudo.com.mx\/index.php\/wp-json\/wp\/v2\/comments?post=28510"}],"version-history":[{"count":0,"href":"https:\/\/politicosaldesnudo.com.mx\/index.php\/wp-json\/wp\/v2\/posts\/28510\/revisions"}],"wp:featuredmedia":[{"embeddable":true,"href":"https:\/\/politicosaldesnudo.com.mx\/index.php\/wp-json\/wp\/v2\/media\/28513"}],"wp:attachment":[{"href":"https:\/\/politicosaldesnudo.com.mx\/index.php\/wp-json\/wp\/v2\/media?parent=28510"}],"wp:term":[{"taxonomy":"category","embeddable":true,"href":"https:\/\/politicosaldesnudo.com.mx\/index.php\/wp-json\/wp\/v2\/categories?post=28510"},{"taxonomy":"post_tag","embeddable":true,"href":"https:\/\/politicosaldesnudo.com.mx\/index.php\/wp-json\/wp\/v2\/tags?post=28510"}],"curies":[{"name":"wp","href":"https:\/\/api.w.org\/{rel}","templated":true}]}}