{"id":28756,"date":"2024-01-08T08:27:49","date_gmt":"2024-01-08T14:27:49","guid":{"rendered":"https:\/\/politicosaldesnudo.com.mx\/?p=28756"},"modified":"2024-01-08T08:27:49","modified_gmt":"2024-01-08T14:27:49","slug":"pt-fortalecidos-por-la-alianza","status":"publish","type":"post","link":"https:\/\/politicosaldesnudo.com.mx\/index.php\/2024\/01\/08\/pt-fortalecidos-por-la-alianza\/","title":{"rendered":"PT, fortalecidos por la Alianza"},"content":{"rendered":"<p><span style=\"font-size: 14pt;\">Tuxpan.- En su gira de trabajo por la zona norte de la entidad, acompa\u00f1ando a la Coordinadora y Precandidata de la Coalici\u00f3n \u00abAmor por Veracruz\u00bb; Roc\u00edo Nahle, el Dirigente Estatal en Veracruz del Partido del Trabajo; Vicente Aguilar, inform\u00f3 que est\u00e1n listos y fortalecidos para los trabajos y retos que conlleva en lograr ganar el pr\u00f3ximo proceso electoral.<\/span><\/p>\n<p><img data-recalc-dims=\"1\" loading=\"lazy\" decoding=\"async\" class=\"aligncenter size-large wp-image-28757\" src=\"https:\/\/i0.wp.com\/politicosaldesnudo.com.mx\/wp-content\/uploads\/2024\/01\/4b-4-1024x768.jpg?resize=800%2C600&#038;ssl=1\" alt=\"\" width=\"800\" height=\"600\" srcset=\"https:\/\/i0.wp.com\/politicosaldesnudo.com.mx\/wp-content\/uploads\/2024\/01\/4b-4.jpg?resize=1024%2C768&amp;ssl=1 1024w, https:\/\/i0.wp.com\/politicosaldesnudo.com.mx\/wp-content\/uploads\/2024\/01\/4b-4.jpg?resize=300%2C225&amp;ssl=1 300w, https:\/\/i0.wp.com\/politicosaldesnudo.com.mx\/wp-content\/uploads\/2024\/01\/4b-4.jpg?resize=768%2C576&amp;ssl=1 768w, https:\/\/i0.wp.com\/politicosaldesnudo.com.mx\/wp-content\/uploads\/2024\/01\/4b-4.jpg?w=1280&amp;ssl=1 1280w\" sizes=\"auto, (max-width: 800px) 100vw, 800px\" \/><\/p>\n<p><span style=\"font-size: 14pt;\">Dijo que siguen avanzando para estructurar los comit\u00e9s municipales del partido, les faltan alrededor de 22, pero adem\u00e1s cuentan con cuadros preparados para afrontar los pr\u00f3ximos comicios electorales.<\/span><\/p>\n<p><span style=\"font-size: 14pt;\">\u00abEstamos hombro con hombro con esta alianza, conocemos a la compa\u00f1era Roc\u00edo, una mujer de trabajo, de lucha, valiente y muy leal al proyecto de la Cuarta Transformaci\u00f3n y vamos a seguir trabajando en la precampa\u00f1a, posteriormente ir con todo lo que tenemos en el estado en la campa\u00f1a\u00bb, se\u00f1al\u00f3.<\/span><\/p>\n<p><span style=\"font-size: 14pt;\">Inform\u00f3 que apenas estar\u00e1n analizando la lista de aspirantes a los dem\u00e1s cargos de elecci\u00f3n, puesto que el partido requiere entre 5 y 6 candidaturas m\u00ednimas para abanderar, lo que determinar\u00e1n en pr\u00f3ximos d\u00edas.<\/span><\/p>\n<p><span style=\"font-size: 14pt;\">Descart\u00f3 que Tuxpan sea para el partido o incluso para el Verde Ecologista, puesto que la posici\u00f3n es para Morena, por la sumatoria de votos, adem\u00e1s de que tienen otros bastiones.<\/span><\/p>\n<p><span style=\"font-size: 14pt;\">Mientras tanto confirm\u00f3 que cuentan con figuras fuertes entre alcaldes, diputados y l\u00edderes que algunas regiones que contar\u00e1n con todo el respaldo del partido para sacar adelante las aspiraciones.<\/span><\/p>\n","protected":false},"excerpt":{"rendered":"<p>Tuxpan.- En su gira de trabajo por la zona norte de la entidad, acompa\u00f1ando a la Coordinadora y Precandidata de<\/p>\n","protected":false},"author":4,"featured_media":28757,"comment_status":"closed","ping_status":"closed","sticky":false,"template":"","format":"standard","meta":{"colormag_page_container_layout":"default_layout","colormag_page_sidebar_layout":"default_layout","_jetpack_memberships_contains_paid_content":false,"footnotes":"","jetpack_publicize_message":"","jetpack_publicize_feature_enabled":true,"jetpack_social_post_already_shared":false,"jetpack_social_options":{"image_generator_settings":{"template":"highway","default_image_id":0,"font":"","enabled":false},"version":2}},"categories":[1082],"tags":[],"class_list":["post-28756","post","type-post","status-publish","format-standard","has-post-thumbnail","hentry","category-tuxpan"],"jetpack_publicize_connections":[],"jetpack_featured_media_url":"https:\/\/i0.wp.com\/politicosaldesnudo.com.mx\/wp-content\/uploads\/2024\/01\/4b-4.jpg?fit=1280%2C960&ssl=1","jetpack-related-posts":[],"jetpack_sharing_enabled":true,"_links":{"self":[{"href":"https:\/\/politicosaldesnudo.com.mx\/index.php\/wp-json\/wp\/v2\/posts\/28756","targetHints":{"allow":["GET"]}}],"collection":[{"href":"https:\/\/politicosaldesnudo.com.mx\/index.php\/wp-json\/wp\/v2\/posts"}],"about":[{"href":"https:\/\/politicosaldesnudo.com.mx\/index.php\/wp-json\/wp\/v2\/types\/post"}],"author":[{"embeddable":true,"href":"https:\/\/politicosaldesnudo.com.mx\/index.php\/wp-json\/wp\/v2\/users\/4"}],"replies":[{"embeddable":true,"href":"https:\/\/politicosaldesnudo.com.mx\/index.php\/wp-json\/wp\/v2\/comments?post=28756"}],"version-history":[{"count":0,"href":"https:\/\/politicosaldesnudo.com.mx\/index.php\/wp-json\/wp\/v2\/posts\/28756\/revisions"}],"wp:featuredmedia":[{"embeddable":true,"href":"https:\/\/politicosaldesnudo.com.mx\/index.php\/wp-json\/wp\/v2\/media\/28757"}],"wp:attachment":[{"href":"https:\/\/politicosaldesnudo.com.mx\/index.php\/wp-json\/wp\/v2\/media?parent=28756"}],"wp:term":[{"taxonomy":"category","embeddable":true,"href":"https:\/\/politicosaldesnudo.com.mx\/index.php\/wp-json\/wp\/v2\/categories?post=28756"},{"taxonomy":"post_tag","embeddable":true,"href":"https:\/\/politicosaldesnudo.com.mx\/index.php\/wp-json\/wp\/v2\/tags?post=28756"}],"curies":[{"name":"wp","href":"https:\/\/api.w.org\/{rel}","templated":true}]}}