{"id":29026,"date":"2024-01-12T10:59:39","date_gmt":"2024-01-12T16:59:39","guid":{"rendered":"https:\/\/politicosaldesnudo.com.mx\/?p=29026"},"modified":"2024-01-12T10:59:39","modified_gmt":"2024-01-12T16:59:39","slug":"puerto-de-veracruz-en-2023-lider-en-manejo-de-carga-de-vehiculos","status":"publish","type":"post","link":"https:\/\/politicosaldesnudo.com.mx\/index.php\/2024\/01\/12\/puerto-de-veracruz-en-2023-lider-en-manejo-de-carga-de-vehiculos\/","title":{"rendered":"Puerto de Veracruz, en 2023, l\u00edder en manejo de carga de veh\u00edculos"},"content":{"rendered":"<p><span style=\"font-size: 14pt;\">El puerto de Veracruz moviliz\u00f3 933 mil 603 autom\u00f3viles ligeros en exportaci\u00f3n e importaci\u00f3n durante 2023, por lo que revalid\u00f3 su liderazgo a nivel nacional en el manejo de carga de veh\u00edculos, as\u00ed lo inform\u00f3 la Administraci\u00f3n del Sistema Portuario Nacional (Asipona) de Veracruz, lo cual atribuy\u00f3 a las acciones que se implementaron en favor de la industria automotriz.<\/span><\/p>\n<p><span style=\"font-size: 14pt;\">Asipona Veracruz destac\u00f3 que la industria automotriz genera empleos y contribuye al crecimiento del Producto Interno Bruto del pa\u00eds.<\/span><\/p>\n<figure class=\"wp-block-pullquote has-black-color has-text-color has-link-color wp-elements-52774ee67a6ea7d9be50c2cf2fda61c8\">\n<blockquote><p><span style=\"font-size: 14pt;\">\u201c#Sab\u00edasQue los autom\u00f3viles que se exportan por el puerto de Veracruz son manufacturados en f\u00e1bricas instaladas en la Rep\u00fablica Mexicana? Los cuales brindan empleos y bienestar a las y a los mexicanos, contribuyendo as\u00ed al crecimiento del PIB nacional, siendo este un importante sector para la econom\u00eda\u201d, public\u00f3.<\/span><\/p><\/blockquote>\n<\/figure>\n","protected":false},"excerpt":{"rendered":"<p>El puerto de Veracruz moviliz\u00f3 933 mil 603 autom\u00f3viles ligeros en exportaci\u00f3n e importaci\u00f3n durante 2023, por lo que revalid\u00f3<\/p>\n","protected":false},"author":4,"featured_media":29027,"comment_status":"closed","ping_status":"closed","sticky":false,"template":"","format":"standard","meta":{"colormag_page_container_layout":"default_layout","colormag_page_sidebar_layout":"default_layout","_jetpack_memberships_contains_paid_content":false,"footnotes":"","jetpack_publicize_message":"","jetpack_publicize_feature_enabled":true,"jetpack_social_post_already_shared":false,"jetpack_social_options":{"image_generator_settings":{"template":"highway","default_image_id":0,"font":"","enabled":false},"version":2}},"categories":[30],"tags":[],"class_list":["post-29026","post","type-post","status-publish","format-standard","has-post-thumbnail","hentry","category-estados"],"jetpack_publicize_connections":[],"jetpack_featured_media_url":"https:\/\/i0.wp.com\/politicosaldesnudo.com.mx\/wp-content\/uploads\/2024\/01\/Autos-1_3.jpg?fit=1920%2C1080&ssl=1","jetpack-related-posts":[],"jetpack_sharing_enabled":true,"_links":{"self":[{"href":"https:\/\/politicosaldesnudo.com.mx\/index.php\/wp-json\/wp\/v2\/posts\/29026","targetHints":{"allow":["GET"]}}],"collection":[{"href":"https:\/\/politicosaldesnudo.com.mx\/index.php\/wp-json\/wp\/v2\/posts"}],"about":[{"href":"https:\/\/politicosaldesnudo.com.mx\/index.php\/wp-json\/wp\/v2\/types\/post"}],"author":[{"embeddable":true,"href":"https:\/\/politicosaldesnudo.com.mx\/index.php\/wp-json\/wp\/v2\/users\/4"}],"replies":[{"embeddable":true,"href":"https:\/\/politicosaldesnudo.com.mx\/index.php\/wp-json\/wp\/v2\/comments?post=29026"}],"version-history":[{"count":0,"href":"https:\/\/politicosaldesnudo.com.mx\/index.php\/wp-json\/wp\/v2\/posts\/29026\/revisions"}],"wp:featuredmedia":[{"embeddable":true,"href":"https:\/\/politicosaldesnudo.com.mx\/index.php\/wp-json\/wp\/v2\/media\/29027"}],"wp:attachment":[{"href":"https:\/\/politicosaldesnudo.com.mx\/index.php\/wp-json\/wp\/v2\/media?parent=29026"}],"wp:term":[{"taxonomy":"category","embeddable":true,"href":"https:\/\/politicosaldesnudo.com.mx\/index.php\/wp-json\/wp\/v2\/categories?post=29026"},{"taxonomy":"post_tag","embeddable":true,"href":"https:\/\/politicosaldesnudo.com.mx\/index.php\/wp-json\/wp\/v2\/tags?post=29026"}],"curies":[{"name":"wp","href":"https:\/\/api.w.org\/{rel}","templated":true}]}}