{"id":29167,"date":"2024-01-15T00:20:52","date_gmt":"2024-01-15T06:20:52","guid":{"rendered":"https:\/\/politicosaldesnudo.com.mx\/?p=29167"},"modified":"2024-01-15T00:20:52","modified_gmt":"2024-01-15T06:20:52","slug":"dante-o-samuel-al-frente","status":"publish","type":"post","link":"https:\/\/politicosaldesnudo.com.mx\/index.php\/2024\/01\/15\/dante-o-samuel-al-frente\/","title":{"rendered":"Dante o Samuel al frente"},"content":{"rendered":"<p><span style=\"font-size: 14pt;\"><strong>En los pr\u00f3ximos d\u00edas se sabr\u00e1 qui\u00e9n dirige los destinos de este partido que puede llegar muy lejos en \u00e9stas y las siguientes elecciones<\/strong><\/span><\/p>\n<p><span style=\"font-size: 14pt;\"><strong>Por \u00c1ngel \u00c1lvaro Pe\u00f1a<\/strong><\/span><\/p>\n<p><span style=\"font-size: 14pt;\">La confianza en s\u00ed mismo de Movimiento Ciudadano, que le otorga desde el liderazgo Dante Delgado, le obliga a apostar a ganar no s\u00f3lo elecciones sino a mantener una personalidad propia en esta contienda electoral, que no se presenta f\u00e1cil.<\/span><\/p>\n<p><span style=\"font-size: 14pt;\">MC ha dejado de ser el fiel de la balanza que pod\u00eda hacer ganar o perder a una fuerza pol\u00edtica fuerte para convertirse en la mejor manera de continuar su futuro dejando a las fuerzas opositoras pr\u00e1cticamente en la pulverizaci\u00f3n, sobre todo, luego de los m\u00faltiples errores que se han cometido en la alianza.<\/span><\/p>\n<p><span style=\"font-size: 14pt;\">Competir solo en las elecciones donde hay m\u00e1s puestos de elecci\u00f3n popular que nunca en la historia, se convierte en una disputa de doble riego, en primer lugar, porque deben llenarse con candidatos esos espacios competitivos, luego deben llenarse los espacios de representaci\u00f3n del partido en cada casilla y luego, despu\u00e9s de las elecciones, impulsar al partido hacia un destino que bien puede ganar a tres partidos juntos un segundo lugar electoral, que cambiar\u00eda el panorama pol\u00edtica del pa\u00eds con una oposici\u00f3n fuerte, m\u00e1s preparada y con m\u00e1s vocaci\u00f3n.<\/span><\/p>\n<p><img data-recalc-dims=\"1\" loading=\"lazy\" decoding=\"async\" class=\"aligncenter size-large wp-image-29168\" src=\"https:\/\/i0.wp.com\/politicosaldesnudo.com.mx\/wp-content\/uploads\/2024\/01\/mc-1024x574.jpg?resize=800%2C448&#038;ssl=1\" alt=\"\" width=\"800\" height=\"448\" srcset=\"https:\/\/i0.wp.com\/politicosaldesnudo.com.mx\/wp-content\/uploads\/2024\/01\/mc-scaled.jpg?resize=1024%2C574&amp;ssl=1 1024w, https:\/\/i0.wp.com\/politicosaldesnudo.com.mx\/wp-content\/uploads\/2024\/01\/mc-scaled.jpg?resize=300%2C168&amp;ssl=1 300w, https:\/\/i0.wp.com\/politicosaldesnudo.com.mx\/wp-content\/uploads\/2024\/01\/mc-scaled.jpg?resize=768%2C431&amp;ssl=1 768w, https:\/\/i0.wp.com\/politicosaldesnudo.com.mx\/wp-content\/uploads\/2024\/01\/mc-scaled.jpg?resize=1536%2C861&amp;ssl=1 1536w, https:\/\/i0.wp.com\/politicosaldesnudo.com.mx\/wp-content\/uploads\/2024\/01\/mc-scaled.jpg?resize=2048%2C1149&amp;ssl=1 2048w, https:\/\/i0.wp.com\/politicosaldesnudo.com.mx\/wp-content\/uploads\/2024\/01\/mc-scaled.jpg?w=1600&amp;ssl=1 1600w, https:\/\/i0.wp.com\/politicosaldesnudo.com.mx\/wp-content\/uploads\/2024\/01\/mc-scaled.jpg?w=2400&amp;ssl=1 2400w\" sizes=\"auto, (max-width: 800px) 100vw, 800px\" \/><\/p>\n<p><span style=\"font-size: 14pt;\">Es decir, Movimiento Ciudadano necesita a todos y cada uno de sus militantes. A diferencia de otros partidos donde s\u00f3lo se luce la c\u00fapula o el dirigente. Es decir, s\u00f3lo hay espacios en los medios para los dirigentes, como si el resto de la militancia no existiera. Por eso la militancia se convierte en un grupo sin personalidad que, ante la primera provocaci\u00f3n, no duda en cambiar de partido.<\/span><\/p>\n<p><span style=\"font-size: 14pt;\">Sabemos que la estrategia de Dante Delgado no puede llevar a su partido al precipicio, conocemos la experiencia de un l\u00edder que a pesar de las batallas dif\u00edciles que enfrent\u00f3, no ha perdido el registro ni est\u00e1 en riesgo de perder; al contrario, se erige como un verdadero competidor sin ayudar o perjudicar a nadie. Solo, en medio de una competencia electoral que podr\u00eda cambiar la historia de M\u00e9xico de manera definitiva.<\/span><\/p>\n<p><span style=\"font-size: 14pt;\">La consigna principal de MC es lo nuevo, lo joven, lo novedoso; sin embargo, habr\u00eda que darle un impulso te\u00f3rico e ideol\u00f3gico a Movimiento Ciudadano, una teor\u00eda propia, si en realidad quieren aparecer como algo diferente, porque s\u00f3lo con mostrar juventud por la edad de sus candidatos no convence a nadie de que tiene fuerza. Habr\u00e1 que empezar por el contenido de los discursos y la manera de pronunciarlos.<\/span><\/p>\n<p><span style=\"font-size: 14pt;\">En realidad, la lucha electoral en este momento no es lo nuevo contra lo viejo sino la profundizaci\u00f3n de los proyectos de la 4T, y del otro lado, la inconformidad que las transformaciones ocasionan ante una parte de la poblaci\u00f3n.<\/span><\/p>\n<p><span style=\"font-size: 14pt;\">Tampoco se trata de polarizar a la sociedad entre j\u00f3venes y maduros, de exponer la experiencia ante la juventud. Ni son j\u00f3venes sus candidatos ni su proyecto es novedoso, pero debe trabajarse en darle un sustento de ideas y proyectos a MC que lo identifique.<\/span><\/p>\n<p><span style=\"font-size: 14pt;\">MC ya se mostr\u00f3 s\u00f3lido ante los ojos de la poblaci\u00f3n, la personalidad, la independencia, la autonom\u00eda frente al poder y ante la disidencia; sin embargo, ahora lo que sigue es tener y mantener una identificaci\u00f3n con proyectos propios y un concepto de naci\u00f3n, con el que puede llegar muy lejos.<\/span><\/p>\n<p><span style=\"font-size: 14pt;\">Las impugnaciones sobre sus candidatos, dentro y fuera de Movimiento Ciudadano, se ubican en el terreno de lo anecd\u00f3tico, tendr\u00e1 la importancia que desde la c\u00fapula del partido se le quiera dar. Ni m\u00e1s ni menos.<\/span><\/p>\n<p><span style=\"font-size: 14pt;\">El liderazgo fuerte en Movimiento Ciudadano se convierte en una garant\u00eda de unidad y \u00e9sta, ser\u00e1 una muestra de que en realidad el mando sigue teni\u00e9ndolo Dante Delgado, porque en esta din\u00e1mica de las elecciones actuales, no falta quien considere que el liderazgo de MC lo tiene Samuel Garc\u00eda, quien destap\u00f3 la candidatura de Jorge \u00c1lvarez Maynez a la Presidencia de la Rep\u00fablica.<\/span><\/p>\n<p><span style=\"font-size: 14pt;\">Se espera un golpe de tim\u00f3n en MC llevado a cabo por Dante Delgado, que ser\u00e1 el que allane el camino hacia el segundo lugar electoral y consolide la autonom\u00eda de un partido que, entonces s\u00ed, podr\u00eda llamarse nuevo, porque las perspectivas y los alcances de proyectos e ideas as\u00ed lo definen.<\/span><\/p>\n<p><span style=\"font-size: 14pt;\">Movimiento Ciudadano no apuesta al suicidio, habr\u00e1 que ver los siguientes pasos para definir una alternativa partidista consolidada, que no dir\u00e1 a todo no pero tampoco acompa\u00f1ar\u00e1 en todo momento al partido en el poder. Es decir, MC est\u00e1 preparado a gobernar como oposici\u00f3n, situaci\u00f3n que nunca aceptaron los partidos que integran la alianza opositora que cada d\u00eda tiene menos probabilidades de sobrevivir.<\/span><\/p>\n<p><span style=\"font-size: 14pt;\">En estas semanas ser\u00e1 muy importante ubicar el centro geogr\u00e1fico de Movimiento Ciudadano. Si es Jalisco o Veracruz su lugar, es que sigue Dante la frente, si Samuel Garc\u00eda sigue determinando los lineamientos de ese partido, entonces podr\u00eda interpretarse como un cambio de mando, con sede en Nuevo Le\u00f3n, que no es lo mejor, pero en estas elecciones y situaciones hay cosas peores.<\/span><\/p>\n","protected":false},"excerpt":{"rendered":"<p>En los pr\u00f3ximos d\u00edas se sabr\u00e1 qui\u00e9n dirige los destinos de este partido que puede llegar muy lejos en \u00e9stas<\/p>\n","protected":false},"author":4,"featured_media":29169,"comment_status":"closed","ping_status":"closed","sticky":false,"template":"","format":"standard","meta":{"colormag_page_container_layout":"default_layout","colormag_page_sidebar_layout":"default_layout","_jetpack_memberships_contains_paid_content":false,"footnotes":"","jetpack_publicize_message":"","jetpack_publicize_feature_enabled":true,"jetpack_social_post_already_shared":false,"jetpack_social_options":{"image_generator_settings":{"template":"highway","default_image_id":0,"font":"","enabled":false},"version":2}},"categories":[26],"tags":[],"class_list":["post-29167","post","type-post","status-publish","format-standard","has-post-thumbnail","hentry","category-columnistas"],"jetpack_publicize_connections":[],"jetpack_featured_media_url":"https:\/\/i0.wp.com\/politicosaldesnudo.com.mx\/wp-content\/uploads\/2024\/01\/samuel-garcia-dante-delgado.jpg?fit=1280%2C720&ssl=1","jetpack-related-posts":[],"jetpack_sharing_enabled":true,"_links":{"self":[{"href":"https:\/\/politicosaldesnudo.com.mx\/index.php\/wp-json\/wp\/v2\/posts\/29167","targetHints":{"allow":["GET"]}}],"collection":[{"href":"https:\/\/politicosaldesnudo.com.mx\/index.php\/wp-json\/wp\/v2\/posts"}],"about":[{"href":"https:\/\/politicosaldesnudo.com.mx\/index.php\/wp-json\/wp\/v2\/types\/post"}],"author":[{"embeddable":true,"href":"https:\/\/politicosaldesnudo.com.mx\/index.php\/wp-json\/wp\/v2\/users\/4"}],"replies":[{"embeddable":true,"href":"https:\/\/politicosaldesnudo.com.mx\/index.php\/wp-json\/wp\/v2\/comments?post=29167"}],"version-history":[{"count":0,"href":"https:\/\/politicosaldesnudo.com.mx\/index.php\/wp-json\/wp\/v2\/posts\/29167\/revisions"}],"wp:featuredmedia":[{"embeddable":true,"href":"https:\/\/politicosaldesnudo.com.mx\/index.php\/wp-json\/wp\/v2\/media\/29169"}],"wp:attachment":[{"href":"https:\/\/politicosaldesnudo.com.mx\/index.php\/wp-json\/wp\/v2\/media?parent=29167"}],"wp:term":[{"taxonomy":"category","embeddable":true,"href":"https:\/\/politicosaldesnudo.com.mx\/index.php\/wp-json\/wp\/v2\/categories?post=29167"},{"taxonomy":"post_tag","embeddable":true,"href":"https:\/\/politicosaldesnudo.com.mx\/index.php\/wp-json\/wp\/v2\/tags?post=29167"}],"curies":[{"name":"wp","href":"https:\/\/api.w.org\/{rel}","templated":true}]}}