{"id":29195,"date":"2024-01-15T08:33:56","date_gmt":"2024-01-15T14:33:56","guid":{"rendered":"https:\/\/politicosaldesnudo.com.mx\/?p=29195"},"modified":"2024-01-15T08:33:56","modified_gmt":"2024-01-15T14:33:56","slug":"fue-penoso-ver-a-jose-yunes-levantar-la-mano-de-xochitl-galvez-andrade","status":"publish","type":"post","link":"https:\/\/politicosaldesnudo.com.mx\/index.php\/2024\/01\/15\/fue-penoso-ver-a-jose-yunes-levantar-la-mano-de-xochitl-galvez-andrade\/","title":{"rendered":"Fue penoso ver a Jos\u00e9 Yunes levantar la mano de X\u00f3chitl G\u00e1lvez: Andrade"},"content":{"rendered":"<div class=\"tdb-block-inner td-fix-index\">\n<p><span style=\"font-size: 14pt;\">Entre las razones por las cuales renunci\u00e9 al PRI, adem\u00e1s de que ha perdido rumbo y sentido de la historia tras entregar al pa\u00eds a un proyecto neoliberal, fue ver a Jos\u00e9 Yunes Zorrilla levant\u00e1ndole la mano a X\u00f3chitl G\u00e1lvez, un hecho que pone en contrasentido la lealtad y el respeto personal que le puedo tener a Pepe Yunes, afirm\u00f3 Eduardo Andrade S\u00e1nchez, luego de anunciar su salida de este partido tras casi 60 a\u00f1os de militancia.<\/span><\/p>\n<p><span style=\"font-size: 14pt;\">Esto refleja la complejidad de la situaci\u00f3n y la dif\u00edcil decisi\u00f3n de muchos pri\u00edstas que se enfrentan a la disyuntiva, entre la fidelidad personal y la coherencia ideol\u00f3gica, de un partido que se al\u00eda con otro que precisamente naciera como una reacci\u00f3n para enfrentarlo desde una perspectiva hist\u00f3rica, afirm\u00f3.<\/span><\/p>\n<p><span style=\"font-size: 14pt;\">Record\u00f3 que desde su ingreso al PRI, en 1965, se identific\u00f3 con el ala izquierda de este instituto pol\u00edtico, marcada en ese tiempo por la corriente cardenista, contrapuesta a la alemanista y que hist\u00f3ricamente se alternaban en el poder.<\/span><\/p>\n<p><span style=\"font-size: 14pt;\">No obstante, se\u00f1ala con pesar que el tricolor se ha alejado de su ra\u00edz nacionalista revolucionaria, influenciado por las presiones internacionales y el surgimiento del neoliberalismo durante los gobiernos de Miguel de la Madrid, Carlos Salinas y Enrique Pe\u00f1a Nieto.<\/span><\/p>\n<p><span style=\"font-size: 14pt;\">Andrade S\u00e1nchez afirm\u00f3 que en el periodo de EPN, con quien asegura mantuvo una relaci\u00f3n amistosa, se marc\u00f3 todav\u00eda m\u00e1s una clara tendencia del partido a desviarse hacia la derecha. Sin embargo, \u201cla gota que derram\u00f3 el vaso fue la alianza del tricolor con el PAN para enfrentar a Morena y a su proyecto nacionalista, convirti\u00e9ndose en sat\u00e9lite de un instituto pol\u00edtico de derecha que hist\u00f3ricamente despreciaba a los pri\u00edstas. Esta alianza, vista como una estrategia sin futuro para oponerse al gobierno, representa un cambio dr\u00e1stico en los principios que el PRI sol\u00eda defender\u201d.<\/span><\/p>\n<p><span style=\"font-size: 14pt;\">Subray\u00f3 que su renuncia se debi\u00f3 a la incongruencia del Revolucionario Institucional al aliarse con un partido que anteriormente atac\u00f3 y despreci\u00f3 a los pri\u00edstas, incluso de manera racista. El exsenador denunci\u00f3 c\u00f3mo el Revolucionario Institucional ha perdido su esencia y ha traicionado la ideolog\u00eda que lo form\u00f3 al convertirse en compa\u00f1ero de viaje de aquellos que antes consideraba opuestos.<\/span><\/p>\n<p><span style=\"font-size: 14pt;\">Respecto de la situaci\u00f3n en Veracruz del PRI, inmerso en un proceso de colonizaci\u00f3n del PAN, destac\u00f3 el peso espec\u00edfico del panismo de Boca del R\u00edo, liderado por la familia de Miguel \u00c1ngel Yunes Linares, al influir en la elecci\u00f3n del candidato a gobernador y al hecho de que este grupo de panistas pesara al interior del tricolor lo cual refleja un cambio en las din\u00e1micas internas partidistas.<\/span><\/p>\n<p><span style=\"font-size: 14pt;\">\u2013\u00bfC\u00f3mo ve la alianza del PRI con la derecha en comparaci\u00f3n con acuerdos similares en otros lugares, como el pacto entre el PAN y Vox en Espa\u00f1a?<\/span><\/p>\n<p><span style=\"font-size: 14pt;\">\u2013El partido sol\u00eda tener una orientaci\u00f3n socialdem\u00f3crata. Mi militancia en la izquierda del PRI buscaba preservar esa corriente. Sin embargo, se perdi\u00f3 la oportunidad de fortalecer el ala izquierda y termin\u00f3 ali\u00e1ndose con la derecha de manera similar a la alianza del PAN con Vox en Espa\u00f1a, representando lo peor de la derecha reaccionaria.<\/span><\/p>\n<p><span style=\"font-size: 14pt;\">\u2013\u00bfC\u00f3mo ve el proceso de colonizaci\u00f3n del PAN en el PRI en el estado?<\/span><\/p>\n<p><span style=\"font-size: 14pt;\">\u2013En Veracruz, la decisi\u00f3n de elegir al candidato a gobernador por el PAN demuestra una colonizaci\u00f3n del PRI. Aunque tengo respeto por Pepe Yunes, la alianza con X\u00f3chitl y la posibilidad de concesiones al PAN me llevaron a dudar y finalmente a renunciar.<\/span><\/p>\n<p><span style=\"font-size: 14pt;\">\u2013\u00bfCu\u00e1l es su perspectiva sobre el futuro del PRI en medio de la actual coalici\u00f3n?<\/span><\/p>\n<p><span style=\"font-size: 14pt;\">\u2013No creo que la coalici\u00f3n tenga \u00e9xito. El triunfo de Morena en Veracruz, bajo el liderazgo de Roc\u00edo Nahle, asegurar\u00eda que la derecha no tome el control del estado. La alianza parece m\u00e1s una estrategia para mantener posiciones pol\u00edticas que una b\u00fasqueda de principios ideol\u00f3gicos. Y temo que el (\u2026) PRI pueda seguir el tr\u00e1gico camino del PRD, perdiendo su esencia e ideolog\u00eda.<\/span><\/p>\n<p><span style=\"font-size: 14pt;\">Andrade S\u00e1nchez fue pesimista sobre el futuro del partido en que milit\u00f3 tantos a\u00f1os y su participaci\u00f3n en la coalici\u00f3n \u201ces sombr\u00edo\u201d, y aunque duda de la posibilidad de victoria de la coalici\u00f3n PAN-PRD-PRI, teme que el tricolor termine diluy\u00e9ndose como el PRD, perdiendo su esencia, ideolog\u00eda y programas al no preservar su identidad ideol\u00f3gica ante alianzas controvertidas con la derecha.<\/span><\/p>\n<\/div>\n","protected":false},"excerpt":{"rendered":"<p>Entre las razones por las cuales renunci\u00e9 al PRI, adem\u00e1s de que ha perdido rumbo y sentido de la historia<\/p>\n","protected":false},"author":4,"featured_media":29196,"comment_status":"closed","ping_status":"closed","sticky":false,"template":"","format":"standard","meta":{"colormag_page_container_layout":"default_layout","colormag_page_sidebar_layout":"default_layout","_jetpack_memberships_contains_paid_content":false,"footnotes":"","jetpack_publicize_message":"","jetpack_publicize_feature_enabled":true,"jetpack_social_post_already_shared":false,"jetpack_social_options":{"image_generator_settings":{"template":"highway","default_image_id":0,"font":"","enabled":false},"version":2}},"categories":[30],"tags":[],"class_list":["post-29195","post","type-post","status-publish","format-standard","has-post-thumbnail","hentry","category-estados"],"jetpack_publicize_connections":[],"jetpack_featured_media_url":"https:\/\/i0.wp.com\/politicosaldesnudo.com.mx\/wp-content\/uploads\/2024\/01\/maxresdefault-1.jpg?fit=1280%2C720&ssl=1","jetpack-related-posts":[],"jetpack_sharing_enabled":true,"_links":{"self":[{"href":"https:\/\/politicosaldesnudo.com.mx\/index.php\/wp-json\/wp\/v2\/posts\/29195","targetHints":{"allow":["GET"]}}],"collection":[{"href":"https:\/\/politicosaldesnudo.com.mx\/index.php\/wp-json\/wp\/v2\/posts"}],"about":[{"href":"https:\/\/politicosaldesnudo.com.mx\/index.php\/wp-json\/wp\/v2\/types\/post"}],"author":[{"embeddable":true,"href":"https:\/\/politicosaldesnudo.com.mx\/index.php\/wp-json\/wp\/v2\/users\/4"}],"replies":[{"embeddable":true,"href":"https:\/\/politicosaldesnudo.com.mx\/index.php\/wp-json\/wp\/v2\/comments?post=29195"}],"version-history":[{"count":0,"href":"https:\/\/politicosaldesnudo.com.mx\/index.php\/wp-json\/wp\/v2\/posts\/29195\/revisions"}],"wp:featuredmedia":[{"embeddable":true,"href":"https:\/\/politicosaldesnudo.com.mx\/index.php\/wp-json\/wp\/v2\/media\/29196"}],"wp:attachment":[{"href":"https:\/\/politicosaldesnudo.com.mx\/index.php\/wp-json\/wp\/v2\/media?parent=29195"}],"wp:term":[{"taxonomy":"category","embeddable":true,"href":"https:\/\/politicosaldesnudo.com.mx\/index.php\/wp-json\/wp\/v2\/categories?post=29195"},{"taxonomy":"post_tag","embeddable":true,"href":"https:\/\/politicosaldesnudo.com.mx\/index.php\/wp-json\/wp\/v2\/tags?post=29195"}],"curies":[{"name":"wp","href":"https:\/\/api.w.org\/{rel}","templated":true}]}}