{"id":29266,"date":"2024-01-16T10:11:53","date_gmt":"2024-01-16T16:11:53","guid":{"rendered":"https:\/\/politicosaldesnudo.com.mx\/?p=29266"},"modified":"2024-01-16T10:11:53","modified_gmt":"2024-01-16T16:11:53","slug":"gobierno-desmiente-noticias-falsas","status":"publish","type":"post","link":"https:\/\/politicosaldesnudo.com.mx\/index.php\/2024\/01\/16\/gobierno-desmiente-noticias-falsas\/","title":{"rendered":"Gobierno desmiente noticias falsas"},"content":{"rendered":"<p><span style=\"font-size: 14pt;\">Despu\u00e9s que el gobernador Cuitl\u00e1huac Garc\u00eda Jim\u00e9nez desminti\u00f3 la informaci\u00f3n difundida a nivel estatal por Oliva Noticias, y nacional por El Financiero, sobre que sujetos armados irrumpieron en el Hospital Regional de Oluta, dichos medios no se han retractado o simplemente eliminaron la publicaci\u00f3n, lo cual los hace acreedores a ser La nota Pinocho de la semana.<\/span><\/p>\n<p><span style=\"font-size: 14pt;\">Ambos portales se\u00f1alaron que personas vestidas de m\u00e9dicos ingresaron a la unidad para rematar a tres v\u00edctimas, entre ellos una menor; por lo anterior, los empleados se resguardaron y llamaron a la l\u00ednea de emergencias 911, lo que gener\u00f3 un fuerte despliegue de elementos de seguridad. Dicha informaci\u00f3n fue refutada y aclarada por el director de Informaci\u00f3n Institucional de Comunicaci\u00f3n Social, Luis Alberto L\u00f3pez Casas.<\/span><\/p>\n<p><span style=\"font-size: 14pt;\">Tal como en su momento lo dieron a conocer las secretar\u00edas de Salud y Seguridad P\u00fablica, las autoridades competentes se presentaron en el lugar, debido al reporte de pacientes con heridas que se presume fueron provocadas por arma de fuego en hechos diferentes y aislados.<\/span><\/p>\n<p><span style=\"font-size: 14pt;\">\u201cNos queda claro que la intenci\u00f3n es propagar el p\u00e1nico a trav\u00e9s de mentiras y generar un sesgo negativo sobre el actuar de los gobiernos de la 4T, quiz\u00e1 con el fin de inclinar la balanza en el actual proceso electoral. Desde aqu\u00ed les decimos que se quedar\u00e1n con las ganas, pues el pueblo de Veracruz siempre est\u00e1 del lado de la verdad\u201d, manifest\u00f3.<\/span><\/p>\n<p><span style=\"font-size: 14pt;\">La segunda nota nominada fue publicada en distintos medios: \u201cAra\u00f1a violinista pica a empleado de una tienda y lo deja inconsciente\u201d; \u00e9sta relata un hecho sucedido el 11 de enero en Xalapa, cuando un joven qued\u00f3 inconsciente despu\u00e9s de presuntamente recibir la mordedura de un ar\u00e1cnido, informaci\u00f3n que fue desmentida por la Secretar\u00eda de Salud.<\/span><\/p>\n<p><span style=\"font-size: 14pt;\">Es necesario precisar que, al momento, el paciente se reporta estable y no se encontr\u00f3 ninguna mordedura de ara\u00f1a violinista, por lo cual se realizan estudios para su protocolo m\u00e9dico. Asimismo la dependencia informa que, para su atenci\u00f3n inmediata, los hospitales de la entidad cuentan con los medicamentos capaces de neutralizar los efectos de la mordedura de esta especie.<\/span><\/p>\n","protected":false},"excerpt":{"rendered":"<p>Despu\u00e9s que el gobernador Cuitl\u00e1huac Garc\u00eda Jim\u00e9nez desminti\u00f3 la informaci\u00f3n difundida a nivel estatal por Oliva Noticias, y nacional por<\/p>\n","protected":false},"author":4,"featured_media":29267,"comment_status":"closed","ping_status":"closed","sticky":false,"template":"","format":"standard","meta":{"colormag_page_container_layout":"default_layout","colormag_page_sidebar_layout":"default_layout","_jetpack_memberships_contains_paid_content":false,"footnotes":"","jetpack_publicize_message":"","jetpack_publicize_feature_enabled":true,"jetpack_social_post_already_shared":false,"jetpack_social_options":{"image_generator_settings":{"template":"highway","default_image_id":0,"font":"","enabled":false},"version":2}},"categories":[30],"tags":[],"class_list":["post-29266","post","type-post","status-publish","format-standard","has-post-thumbnail","hentry","category-estados"],"jetpack_publicize_connections":[],"jetpack_featured_media_url":"https:\/\/i0.wp.com\/politicosaldesnudo.com.mx\/wp-content\/uploads\/2024\/01\/PINOCHO-DE-LA-SEMANA-1.jpg?fit=1140%2C544&ssl=1","jetpack-related-posts":[],"jetpack_sharing_enabled":true,"_links":{"self":[{"href":"https:\/\/politicosaldesnudo.com.mx\/index.php\/wp-json\/wp\/v2\/posts\/29266","targetHints":{"allow":["GET"]}}],"collection":[{"href":"https:\/\/politicosaldesnudo.com.mx\/index.php\/wp-json\/wp\/v2\/posts"}],"about":[{"href":"https:\/\/politicosaldesnudo.com.mx\/index.php\/wp-json\/wp\/v2\/types\/post"}],"author":[{"embeddable":true,"href":"https:\/\/politicosaldesnudo.com.mx\/index.php\/wp-json\/wp\/v2\/users\/4"}],"replies":[{"embeddable":true,"href":"https:\/\/politicosaldesnudo.com.mx\/index.php\/wp-json\/wp\/v2\/comments?post=29266"}],"version-history":[{"count":0,"href":"https:\/\/politicosaldesnudo.com.mx\/index.php\/wp-json\/wp\/v2\/posts\/29266\/revisions"}],"wp:featuredmedia":[{"embeddable":true,"href":"https:\/\/politicosaldesnudo.com.mx\/index.php\/wp-json\/wp\/v2\/media\/29267"}],"wp:attachment":[{"href":"https:\/\/politicosaldesnudo.com.mx\/index.php\/wp-json\/wp\/v2\/media?parent=29266"}],"wp:term":[{"taxonomy":"category","embeddable":true,"href":"https:\/\/politicosaldesnudo.com.mx\/index.php\/wp-json\/wp\/v2\/categories?post=29266"},{"taxonomy":"post_tag","embeddable":true,"href":"https:\/\/politicosaldesnudo.com.mx\/index.php\/wp-json\/wp\/v2\/tags?post=29266"}],"curies":[{"name":"wp","href":"https:\/\/api.w.org\/{rel}","templated":true}]}}