{"id":29269,"date":"2024-01-16T10:13:40","date_gmt":"2024-01-16T16:13:40","guid":{"rendered":"https:\/\/politicosaldesnudo.com.mx\/?p=29269"},"modified":"2024-01-16T10:13:40","modified_gmt":"2024-01-16T16:13:40","slug":"silvia-alejandre-llega-a-la-secretaria-de-cultura","status":"publish","type":"post","link":"https:\/\/politicosaldesnudo.com.mx\/index.php\/2024\/01\/16\/silvia-alejandre-llega-a-la-secretaria-de-cultura\/","title":{"rendered":"Silvia Alejandre llega a la Secretar\u00eda de Cultura"},"content":{"rendered":"<div class=\"tdb-block-inner td-fix-index\">\n<p><span style=\"font-size: 14pt;\">Silvia Alejandre Prado se convirti\u00f3 en la primera secretaria de Cultura de Veracruz y con ello cierra el tr\u00e1mite que se oficializ\u00f3 el pasado viernes 12 de enero mediante la publicaci\u00f3n del Decreto N\u00famero 721 en la Gaceta Oficial del \u00d3rgano de Gobierno del Estado de Veracruz.<\/span><\/p>\n<p><span style=\"font-size: 14pt;\">El gobernador Cuitl\u00e1huac Garc\u00eda Jim\u00e9nez le tom\u00f3 protesta de ley a la titular de la Secretar\u00eda n\u00famero 16 \u201cpara continuar promoviendo la pr\u00e1ctica y difusi\u00f3n de las expresiones art\u00edsticas que surgen de nuestro pueblo veracruzano\u201d, expuso en sus redes sociales.<\/span><\/p>\n<p><span style=\"font-size: 14pt;\">En 2018, durante el proceso de transici\u00f3n y mientras anunciaba a sus colaboradores, el Gobernador se comprometi\u00f3 a enviar una iniciativa para crear esta dependencia y que su titular fuera quien hoy lo asume.<\/span><\/p>\n<p><span style=\"font-size: 14pt;\">En tanto que el pasado 14 de diciembre, al comparecer ante el Poder Legislativo expuso que la transici\u00f3n del Instituto Veracruzano de la Cultura a Secretar\u00eda fortalecer\u00e1 la promoci\u00f3n, pero m\u00e1s a\u00fan la formaci\u00f3n a trav\u00e9s de las artes y tradiciones, el reconocimiento a los valores ind\u00edgenas y las expresiones artesanales, el reencuentro humanista y el sentido comunitario, la convivencia social y el pensamiento reflexivo.<\/span><\/p>\n<\/div>\n","protected":false},"excerpt":{"rendered":"<p>Silvia Alejandre Prado se convirti\u00f3 en la primera secretaria de Cultura de Veracruz y con ello cierra el tr\u00e1mite que<\/p>\n","protected":false},"author":4,"featured_media":29270,"comment_status":"closed","ping_status":"closed","sticky":false,"template":"","format":"standard","meta":{"colormag_page_container_layout":"default_layout","colormag_page_sidebar_layout":"default_layout","_jetpack_memberships_contains_paid_content":false,"footnotes":"","jetpack_publicize_message":"","jetpack_publicize_feature_enabled":true,"jetpack_social_post_already_shared":false,"jetpack_social_options":{"image_generator_settings":{"template":"highway","default_image_id":0,"font":"","enabled":false},"version":2}},"categories":[30],"tags":[],"class_list":["post-29269","post","type-post","status-publish","format-standard","has-post-thumbnail","hentry","category-estados"],"jetpack_publicize_connections":[],"jetpack_featured_media_url":"https:\/\/i0.wp.com\/politicosaldesnudo.com.mx\/wp-content\/uploads\/2024\/01\/silvia-alejandre-696x441-1.jpg?fit=696%2C441&ssl=1","jetpack-related-posts":[],"jetpack_sharing_enabled":true,"_links":{"self":[{"href":"https:\/\/politicosaldesnudo.com.mx\/index.php\/wp-json\/wp\/v2\/posts\/29269","targetHints":{"allow":["GET"]}}],"collection":[{"href":"https:\/\/politicosaldesnudo.com.mx\/index.php\/wp-json\/wp\/v2\/posts"}],"about":[{"href":"https:\/\/politicosaldesnudo.com.mx\/index.php\/wp-json\/wp\/v2\/types\/post"}],"author":[{"embeddable":true,"href":"https:\/\/politicosaldesnudo.com.mx\/index.php\/wp-json\/wp\/v2\/users\/4"}],"replies":[{"embeddable":true,"href":"https:\/\/politicosaldesnudo.com.mx\/index.php\/wp-json\/wp\/v2\/comments?post=29269"}],"version-history":[{"count":0,"href":"https:\/\/politicosaldesnudo.com.mx\/index.php\/wp-json\/wp\/v2\/posts\/29269\/revisions"}],"wp:featuredmedia":[{"embeddable":true,"href":"https:\/\/politicosaldesnudo.com.mx\/index.php\/wp-json\/wp\/v2\/media\/29270"}],"wp:attachment":[{"href":"https:\/\/politicosaldesnudo.com.mx\/index.php\/wp-json\/wp\/v2\/media?parent=29269"}],"wp:term":[{"taxonomy":"category","embeddable":true,"href":"https:\/\/politicosaldesnudo.com.mx\/index.php\/wp-json\/wp\/v2\/categories?post=29269"},{"taxonomy":"post_tag","embeddable":true,"href":"https:\/\/politicosaldesnudo.com.mx\/index.php\/wp-json\/wp\/v2\/tags?post=29269"}],"curies":[{"name":"wp","href":"https:\/\/api.w.org\/{rel}","templated":true}]}}