{"id":29335,"date":"2024-01-17T09:13:49","date_gmt":"2024-01-17T15:13:49","guid":{"rendered":"https:\/\/politicosaldesnudo.com.mx\/?p=29335"},"modified":"2024-01-17T09:13:49","modified_gmt":"2024-01-17T15:13:49","slug":"descalifica-amlo-cobertura-amarillista-de-accidente-en-tren-interurbano","status":"publish","type":"post","link":"https:\/\/politicosaldesnudo.com.mx\/index.php\/2024\/01\/17\/descalifica-amlo-cobertura-amarillista-de-accidente-en-tren-interurbano\/","title":{"rendered":"Descalifica AMLO cobertura \u201camarillista\u201d de accidente en Tren Interurbano"},"content":{"rendered":"<p><span style=\"font-size: 14pt;\">El presidente Andr\u00e9s Manuel L\u00f3pez Obrador descalific\u00f3 la cobertura medi\u00e1tica de la ca\u00edda de una trabe en la construcci\u00f3n del tren El Insurgente. Consider\u00f3 que se difundi\u00f3 en la l\u00ednea del amarillismo, \u00ab\u00a1qu\u00e9 barbaridad! \u00a1Qu\u00e9 esc\u00e1ndalo! Todos. S\u00f3lo les falt\u00f3 decir &#8216;lastima que no muri\u00f3 nadie. Es vergonzoso\u00bb.<\/span><\/p>\n<p><span style=\"font-size: 14pt;\">Sin abundar en mayores detalles sobre lo ocurrido, insert\u00f3 la profusa difusi\u00f3n del hecho en \u00abuna guerra sucia muy intensificada, porque estamos en temporada electoral, en v\u00edsperas de elecciones presidenciales, entonces est\u00e1n desatados. Nada m\u00e1s que la gente tenga este antecedente para que se cubra, tenga un filtro y act\u00fae de manera prudente porque s\u00ed esta fuerte el bombardeo\u00bb.<\/span><\/p>\n","protected":false},"excerpt":{"rendered":"<p>El presidente Andr\u00e9s Manuel L\u00f3pez Obrador descalific\u00f3 la cobertura medi\u00e1tica de la ca\u00edda de una trabe en la construcci\u00f3n del<\/p>\n","protected":false},"author":4,"featured_media":29336,"comment_status":"closed","ping_status":"closed","sticky":false,"template":"","format":"standard","meta":{"colormag_page_container_layout":"default_layout","colormag_page_sidebar_layout":"default_layout","_jetpack_memberships_contains_paid_content":false,"footnotes":"","jetpack_publicize_message":"","jetpack_publicize_feature_enabled":true,"jetpack_social_post_already_shared":false,"jetpack_social_options":{"image_generator_settings":{"template":"highway","default_image_id":0,"font":"","enabled":false},"version":2}},"categories":[33],"tags":[],"class_list":["post-29335","post","type-post","status-publish","format-standard","has-post-thumbnail","hentry","category-nacional"],"jetpack_publicize_connections":[],"jetpack_featured_media_url":"https:\/\/i0.wp.com\/politicosaldesnudo.com.mx\/wp-content\/uploads\/2024\/01\/snapshot-1.jpg?fit=1920%2C1080&ssl=1","jetpack-related-posts":[],"jetpack_sharing_enabled":true,"_links":{"self":[{"href":"https:\/\/politicosaldesnudo.com.mx\/index.php\/wp-json\/wp\/v2\/posts\/29335","targetHints":{"allow":["GET"]}}],"collection":[{"href":"https:\/\/politicosaldesnudo.com.mx\/index.php\/wp-json\/wp\/v2\/posts"}],"about":[{"href":"https:\/\/politicosaldesnudo.com.mx\/index.php\/wp-json\/wp\/v2\/types\/post"}],"author":[{"embeddable":true,"href":"https:\/\/politicosaldesnudo.com.mx\/index.php\/wp-json\/wp\/v2\/users\/4"}],"replies":[{"embeddable":true,"href":"https:\/\/politicosaldesnudo.com.mx\/index.php\/wp-json\/wp\/v2\/comments?post=29335"}],"version-history":[{"count":0,"href":"https:\/\/politicosaldesnudo.com.mx\/index.php\/wp-json\/wp\/v2\/posts\/29335\/revisions"}],"wp:featuredmedia":[{"embeddable":true,"href":"https:\/\/politicosaldesnudo.com.mx\/index.php\/wp-json\/wp\/v2\/media\/29336"}],"wp:attachment":[{"href":"https:\/\/politicosaldesnudo.com.mx\/index.php\/wp-json\/wp\/v2\/media?parent=29335"}],"wp:term":[{"taxonomy":"category","embeddable":true,"href":"https:\/\/politicosaldesnudo.com.mx\/index.php\/wp-json\/wp\/v2\/categories?post=29335"},{"taxonomy":"post_tag","embeddable":true,"href":"https:\/\/politicosaldesnudo.com.mx\/index.php\/wp-json\/wp\/v2\/tags?post=29335"}],"curies":[{"name":"wp","href":"https:\/\/api.w.org\/{rel}","templated":true}]}}