{"id":29341,"date":"2024-01-17T09:24:13","date_gmt":"2024-01-17T15:24:13","guid":{"rendered":"https:\/\/politicosaldesnudo.com.mx\/?p=29341"},"modified":"2024-01-17T09:24:13","modified_gmt":"2024-01-17T15:24:13","slug":"instalan-la-primera-comision-de-la-permanente","status":"publish","type":"post","link":"https:\/\/politicosaldesnudo.com.mx\/index.php\/2024\/01\/17\/instalan-la-primera-comision-de-la-permanente\/","title":{"rendered":"Instalan la Primera Comisi\u00f3n de la Permanente"},"content":{"rendered":"<p><span style=\"font-size: 14pt;\">Esta tarde se instal\u00f3, en San L\u00e1zaro, la Primera Comisi\u00f3n de la Permanente &#8211; de Gobernaci\u00f3n, Puntos Constitucionales y Justicia -, reuni\u00f3n de trabajo a la que s\u00f3lo asistieron legisladores de Morena y sus aliados, y con la ausencia de diputados del PAN, PRI, PRD y MC.<\/span><\/p>\n<p class=\"western\"><span style=\"font-size: 14pt;\">El diputado de Morena, Marcos Rosendo Medina Filigrana, en su calidad de presidente, declar\u00f3 formalmente instalada a la Primera Comisi\u00f3n, y de inmediato sesion\u00f3 esta tarde. Por en unanimidad, en votaci\u00f3n nominal, los asistentes aprobaron el acuerdo por el que se cita este mi\u00e9rcoles a comparecer a los 20 ciudadanos designados por el Presidente de la Rep\u00fablica para ocupar diversas magistraturas vacantes de Salas Regionales del Tribunal Federal de Justicia Administrativa (TFJA), nombramientos que para los efectos legales y administrativos tendr\u00e1n que ser ratificados por el Pleno de la Comisi\u00f3n Permanente.<\/span><\/p>\n<p class=\"western\"><span style=\"font-size: 14pt;\">Los legisladores de la Coalici\u00f3n Juntos Hacemos Historia, hicieron un severo extra\u00f1amiento a los grupos parlamentarios de la oposici\u00f3n por su ausencia en la reuni\u00f3n .La diputada morenista, Graciela S\u00e1nchez Ortiz ,sostuvo : \u201cest\u00e1n haciendo un berrinche al no designar a los integrantes de la Comisi\u00f3n, siendo lo m\u00e1s grave no atender la responsabilidad encomendada por el pueblo\u201d.<\/span><\/p>\n<p class=\"western\"><span style=\"font-size: 14pt;\">El senador Hurtado Reyes Flores (Morena) se sum\u00f3 al llamado para que los distintos grupos parlamentarios cumplan su obligaci\u00f3n constitucional pues, asegur\u00f3, nadie est\u00e1 a la fuerza, ya que pidieron el voto y fueron a tocar puertas para pedir el respaldo de la gente y hay una responsabilidad con el pueblo de M\u00e9xico.<\/span><\/p>\n<p class=\"western\"><span style=\"font-size: 14pt;\">Durante la reuni\u00f3n realizada en el Palacio Legislativo de San L\u00e1zaro, se guardaron dos minutos de silencio. Uno fue en recuerdo de Samantha Fonseca, activista asesinada el pasado domingo, y quien fuera \u201cpionera en la lucha de los derechos civiles de este pa\u00eds\u201d, se\u00f1al\u00f3 el diputado Medina Filigrana.<\/span><\/p>\n<p class=\"western\"><span style=\"font-size: 14pt;\">Asimismo, se rindi\u00f3 un minuto de silencio en honor al escritor Jos\u00e9 Agust\u00edn, a petici\u00f3n del diputado Medina Filigrana, quien dijo que fue un \u201cdistinguido mexicano que es todo un referente de los a\u00f1os sesenta, que luch\u00f3 por abrir espacios democr\u00e1ticos no nada m\u00e1s en lo pol\u00edtico, tambi\u00e9n en lo social y, por ende, en lo cultural. Se nos va un hombre que aport\u00f3 a la literatura contempor\u00e1nea de M\u00e9xico y creo que es viable un minuto de silencio en su recuerdo\u201d.<\/span><\/p>\n<p class=\"western\"><span style=\"font-size: 14pt;\">El Tribunal Federal de Justicia Administrativa (TFJA) es el \u00f3rgano que se encarga de garantizar el derecho de acceso a la justicia administrativa a nivel federal y se establece en el art\u00edculo 43 de la Ley Org\u00e1nica del Tribunal Federal de Justicia Administrativa y se busca que sean ratificados por un periodo inicial de 10 a\u00f1os.<\/span><\/p>\n<p class=\"western\"><span style=\"font-size: 14pt;\">Ma\u00f1ana mi\u00e9rcoles comparecer\u00e1n, por la tarde noche, las siguientes personas propuestas por el presidente Andr\u00e9s Manuel L\u00f3pez Obrador como magistrados regionales del TSJA: Maricela Lecuona Gonz\u00e1lez , Mar\u00eda de los \u00c1ngeles Jasso Cisneros; Miguel \u00c1ngel Carrasco Hern\u00e1ndez, Octavio Augusto Ernesto Prieto Gallardo , Rosendo G\u00f3mez Silv\u00e1n, Aar\u00f3n Marino \u00c1lvarez Montiel, Claudia Ang\u00e9lica Nogales Gaona , Diana Tecontero Ju\u00e1rez , Edgar Armando Aguirre Gonz\u00e1lez , Eduardo Manuel M\u00e9ndez S\u00e1nchez .<\/span><\/p>\n<p class=\"western\"><span style=\"font-size: 14pt;\">Asimismo, Ely Cruz P\u00e9rez (19:00 a 19:20 horas, Magali Ira\u00eds Mendoza R\u00edos , Surit Berenice Romero Dom\u00ednguez, Francisco Medina Padilla, Ricardo Le\u00f3n Caraveo, Consuelo Rodr\u00edguez Aceves, Carlos Boj\u00f3rquez Hern\u00e1ndez, Pedro Rodr\u00edguez Chandoqu\u00ed , F\u00e1tima Gonz\u00e1lez Tello y Luis Alfredo Mora Villag\u00f3mez .<\/span><\/p>\n<p class=\"western\"><span style=\"font-size: 14pt;\">El documento aprobado precisa que los aspirantes tendr\u00e1n un tiempo de hasta cinco minutos para expresar sus planteamientos en torno al cargo para el cual fueron designados, as\u00ed como para exponer las razones por las cuales consideran ser id\u00f3neos para ocupar el mismo.<\/span><\/p>\n<p class=\"western\"><span style=\"font-size: 14pt;\">Concluida la intervenci\u00f3n, en un t\u00e9rmino de tres minutos en com\u00fan para los grupos parlamentarios, cada uno de \u00e9stos podr\u00e1 formular, si as\u00ed lo considera conveniente, una pregunta al expositor. El o l compareciente contar\u00e1 hasta con siete minutos para dar respuesta a las preguntas.<\/span><\/p>\n","protected":false},"excerpt":{"rendered":"<p>Esta tarde se instal\u00f3, en San L\u00e1zaro, la Primera Comisi\u00f3n de la Permanente &#8211; de Gobernaci\u00f3n, Puntos Constitucionales y Justicia<\/p>\n","protected":false},"author":4,"featured_media":29342,"comment_status":"closed","ping_status":"closed","sticky":false,"template":"","format":"standard","meta":{"colormag_page_container_layout":"default_layout","colormag_page_sidebar_layout":"default_layout","_jetpack_memberships_contains_paid_content":false,"footnotes":"","jetpack_publicize_message":"","jetpack_publicize_feature_enabled":true,"jetpack_social_post_already_shared":false,"jetpack_social_options":{"image_generator_settings":{"template":"highway","default_image_id":0,"font":"","enabled":false},"version":2}},"categories":[33],"tags":[],"class_list":["post-29341","post","type-post","status-publish","format-standard","has-post-thumbnail","hentry","category-nacional"],"jetpack_publicize_connections":[],"jetpack_featured_media_url":"https:\/\/i0.wp.com\/politicosaldesnudo.com.mx\/wp-content\/uploads\/2024\/01\/Permanente.jpeg?fit=650%2C433&ssl=1","jetpack-related-posts":[],"jetpack_sharing_enabled":true,"_links":{"self":[{"href":"https:\/\/politicosaldesnudo.com.mx\/index.php\/wp-json\/wp\/v2\/posts\/29341","targetHints":{"allow":["GET"]}}],"collection":[{"href":"https:\/\/politicosaldesnudo.com.mx\/index.php\/wp-json\/wp\/v2\/posts"}],"about":[{"href":"https:\/\/politicosaldesnudo.com.mx\/index.php\/wp-json\/wp\/v2\/types\/post"}],"author":[{"embeddable":true,"href":"https:\/\/politicosaldesnudo.com.mx\/index.php\/wp-json\/wp\/v2\/users\/4"}],"replies":[{"embeddable":true,"href":"https:\/\/politicosaldesnudo.com.mx\/index.php\/wp-json\/wp\/v2\/comments?post=29341"}],"version-history":[{"count":0,"href":"https:\/\/politicosaldesnudo.com.mx\/index.php\/wp-json\/wp\/v2\/posts\/29341\/revisions"}],"wp:featuredmedia":[{"embeddable":true,"href":"https:\/\/politicosaldesnudo.com.mx\/index.php\/wp-json\/wp\/v2\/media\/29342"}],"wp:attachment":[{"href":"https:\/\/politicosaldesnudo.com.mx\/index.php\/wp-json\/wp\/v2\/media?parent=29341"}],"wp:term":[{"taxonomy":"category","embeddable":true,"href":"https:\/\/politicosaldesnudo.com.mx\/index.php\/wp-json\/wp\/v2\/categories?post=29341"},{"taxonomy":"post_tag","embeddable":true,"href":"https:\/\/politicosaldesnudo.com.mx\/index.php\/wp-json\/wp\/v2\/tags?post=29341"}],"curies":[{"name":"wp","href":"https:\/\/api.w.org\/{rel}","templated":true}]}}