{"id":29368,"date":"2024-01-17T10:39:49","date_gmt":"2024-01-17T16:39:49","guid":{"rendered":"https:\/\/politicosaldesnudo.com.mx\/?p=29368"},"modified":"2024-01-17T10:39:49","modified_gmt":"2024-01-17T16:39:49","slug":"se-pronuncia-petro-contra-explotacion-de-petroleo-en-el-esequibo","status":"publish","type":"post","link":"https:\/\/politicosaldesnudo.com.mx\/index.php\/2024\/01\/17\/se-pronuncia-petro-contra-explotacion-de-petroleo-en-el-esequibo\/","title":{"rendered":"Se pronuncia Petro contra explotaci\u00f3n de petr\u00f3leo en el Esequibo"},"content":{"rendered":"<p><span style=\"font-size: 14pt;\">Bogot\u00e1.- El presidente colombiano, Gustavo Petro, se pronunci\u00f3 en su participaci\u00f3n el martes en el Foro Econ\u00f3mico Mundial en Davos contra la explotaci\u00f3n de petr\u00f3leo en el Esequibo, un territorio en disputa entre Guyana y Venezuela, y mostr\u00f3 su apoyo a la acusaci\u00f3n de \u201cgenocidio\u201d que hizo Sud\u00e1frica contra Israel ante el m\u00e1ximo tribunal de la ONU.<\/span><\/p>\n<p><span style=\"font-size: 14pt;\">Para el mandatario colombiano, renunciar a la explotaci\u00f3n de petr\u00f3leo en el Esequibo es una forma necesaria de proteger la selva amaz\u00f3nica en medio de la lucha contra la crisis clim\u00e1tica.<\/span><\/p>\n<p><span style=\"font-size: 14pt;\">\u201cLa vida humana lo que deber\u00eda plantearse no es qui\u00e9n es el propietario del Esequibo, sino que no salga el petr\u00f3leo que hay en el Esequibo, porque si sale nuestra lucha contra la crisis clim\u00e1tica se vuelve un discurso inocuo\u201d, dijo Petro durante el panel \u201cBuscando un equilibrio para la Amazon\u00eda\u201d.<\/span><\/p>\n<p><span style=\"font-size: 14pt;\">El Esequibo es un territorio de unos 159 mil 500 kil\u00f3metros cuadrados, rico en petr\u00f3leo, oro, diamantes, madera y otros abundantes recursos naturales.<\/span><\/p>\n<p><span style=\"font-size: 14pt;\">Petro, el primer presidente de izquierda en Colombia, advirti\u00f3 sobre la posibilidad de que la disputa territorial escale a un conflicto militar, sin embargo, no tom\u00f3 partido por cu\u00e1l pa\u00eds es soberano en el Esquibo. En cambio, dijo que hay \u201cque compensar a Guyana y a Venezuela\u201d para que no exploten petr\u00f3leo en ese territorio.<\/span><\/p>\n<p><span style=\"font-size: 14pt;\">\u201cLa selva amaz\u00f3nica vale m\u00e1s que el petr\u00f3leo que est\u00e1 adentro\u201d, se\u00f1al\u00f3 Petro.<\/span><\/p>\n<p><span style=\"font-size: 14pt;\">En Guyana el petr\u00f3leo es parte importante de la econom\u00eda gracias al hallazgo de miles de millones de barriles. De quedarse con el Esequibo, Nicol\u00e1s Maduro tambi\u00e9n tiene pretenciones de extraer combustibles f\u00f3siles.<\/span><\/p>\n<p><span style=\"font-size: 14pt;\">En diciembre, el mandatario venezolano orden\u00f3 explorar y explotar petr\u00f3leo, gas y minas del territorio del Esequibo, tras anunciar que gan\u00f3 el \u201cs\u00ed\u201d en el refer\u00e9ndum planteado para reclamar soberan\u00eda sobre ese sector.<\/span><\/p>\n<p><span style=\"font-size: 14pt;\">Maduro orden\u00f3 la creaci\u00f3n de filiales locales de la estatal petrolera PDVSA y de Corporaci\u00f3n Venezolana de Guayana a los presidentes de esas empresas p\u00fablicas.<\/span><\/p>\n<p><span style=\"font-size: 14pt;\">Petro est\u00e1 volcado a conseguir que su pa\u00eds abandone los combustibles f\u00f3siles, para lo que dej\u00f3 de autorizar nuevas exploraciones de petr\u00f3leo en Colombia e impulsa en la estatal petrolera el cambio a energ\u00edas renovables.<\/span><\/p>\n<p><span style=\"font-size: 14pt;\">Seg\u00fan Petro no se necesitan \u201climosnas\u201d para salvar la Amazon\u00eda, sino cambios en el sistema financiero global que, para el caso colombiano, permitan cambio de deuda p\u00fablica por acci\u00f3n clim\u00e1tica con el que se \u201cliberen\u201d unos 2.500 millones de d\u00f3lares al a\u00f1o.<\/span><\/p>\n<p><span style=\"font-size: 14pt;\">Durante el Foro Econ\u00f3mico Mundial, que empez\u00f3 el martes y concluye el viernes con la presencia de dirigentes pol\u00edticos, empresariales y culturales, Petro reiter\u00f3 que Colombia apoya a Sud\u00e1frica en su acusaci\u00f3n contra Israel ante la Corte Internacional de Justicia por considerar que est\u00e1 cometiendo un genocidio contra los palestinos.<\/span><\/p>\n<p><span style=\"font-size: 14pt;\">\u201cLo que estamos viendo: la complicidad europea, norteamericana con el genocidio, de la misma Alemania, es porque Palestina es apenas un ensayo, un experimento que se va a generalizar y aplicar en el conjunto de los pueblos del sur\u201d, advirti\u00f3 el mandatario.<\/span><\/p>\n<p><span style=\"font-size: 14pt;\">Desde el inicio de la guerra entre Israel y Ham\u00e1s, el presidente colombiano ha calificado de \u201cgenocidio\u201d las acciones contra Gaza que compar\u00f3 con los campos de concentraci\u00f3n de la Segunda Guerra Mundial elevando las tensiones diplom\u00e1ticas con Israel.<\/span><\/p>\n","protected":false},"excerpt":{"rendered":"<p>Bogot\u00e1.- El presidente colombiano, Gustavo Petro, se pronunci\u00f3 en su participaci\u00f3n el martes en el Foro Econ\u00f3mico Mundial en Davos<\/p>\n","protected":false},"author":4,"featured_media":29369,"comment_status":"closed","ping_status":"closed","sticky":false,"template":"","format":"standard","meta":{"colormag_page_container_layout":"default_layout","colormag_page_sidebar_layout":"default_layout","_jetpack_memberships_contains_paid_content":false,"footnotes":"","jetpack_publicize_message":"","jetpack_publicize_feature_enabled":true,"jetpack_social_post_already_shared":false,"jetpack_social_options":{"image_generator_settings":{"template":"highway","default_image_id":0,"font":"","enabled":false},"version":2}},"categories":[28],"tags":[],"class_list":["post-29368","post","type-post","status-publish","format-standard","has-post-thumbnail","hentry","category-internacional"],"jetpack_publicize_connections":[],"jetpack_featured_media_url":"https:\/\/i0.wp.com\/politicosaldesnudo.com.mx\/wp-content\/uploads\/2024\/01\/Gustavo-Petro-en-Davos.jpg?fit=768%2C479&ssl=1","jetpack-related-posts":[],"jetpack_sharing_enabled":true,"_links":{"self":[{"href":"https:\/\/politicosaldesnudo.com.mx\/index.php\/wp-json\/wp\/v2\/posts\/29368","targetHints":{"allow":["GET"]}}],"collection":[{"href":"https:\/\/politicosaldesnudo.com.mx\/index.php\/wp-json\/wp\/v2\/posts"}],"about":[{"href":"https:\/\/politicosaldesnudo.com.mx\/index.php\/wp-json\/wp\/v2\/types\/post"}],"author":[{"embeddable":true,"href":"https:\/\/politicosaldesnudo.com.mx\/index.php\/wp-json\/wp\/v2\/users\/4"}],"replies":[{"embeddable":true,"href":"https:\/\/politicosaldesnudo.com.mx\/index.php\/wp-json\/wp\/v2\/comments?post=29368"}],"version-history":[{"count":0,"href":"https:\/\/politicosaldesnudo.com.mx\/index.php\/wp-json\/wp\/v2\/posts\/29368\/revisions"}],"wp:featuredmedia":[{"embeddable":true,"href":"https:\/\/politicosaldesnudo.com.mx\/index.php\/wp-json\/wp\/v2\/media\/29369"}],"wp:attachment":[{"href":"https:\/\/politicosaldesnudo.com.mx\/index.php\/wp-json\/wp\/v2\/media?parent=29368"}],"wp:term":[{"taxonomy":"category","embeddable":true,"href":"https:\/\/politicosaldesnudo.com.mx\/index.php\/wp-json\/wp\/v2\/categories?post=29368"},{"taxonomy":"post_tag","embeddable":true,"href":"https:\/\/politicosaldesnudo.com.mx\/index.php\/wp-json\/wp\/v2\/tags?post=29368"}],"curies":[{"name":"wp","href":"https:\/\/api.w.org\/{rel}","templated":true}]}}