{"id":29432,"date":"2024-01-18T08:36:26","date_gmt":"2024-01-18T14:36:26","guid":{"rendered":"https:\/\/politicosaldesnudo.com.mx\/?p=29432"},"modified":"2024-01-18T08:36:26","modified_gmt":"2024-01-18T14:36:26","slug":"la-scjn-la-mas-partidizada-de-la-historia-zaldivar","status":"publish","type":"post","link":"https:\/\/politicosaldesnudo.com.mx\/index.php\/2024\/01\/18\/la-scjn-la-mas-partidizada-de-la-historia-zaldivar\/","title":{"rendered":"La SCJN, la m\u00e1s partidizada de la historia: Zald\u00edvar"},"content":{"rendered":"<div id=\"article-content-tts\" class=\"nota-contenido mb-5\">\n<div id=\"content_nitf\">\n<div class=\"col col1\">\n<p class=\"s-s\"><span style=\"font-size: 14pt;\"><q>Hoy tenemos la Corte m\u00e1s partidizada de la historia de M\u00e9xico<\/q>, sostuvo el ex ministro Arturo Zald\u00edvar. Advirti\u00f3 que despu\u00e9s de la reconfiguraci\u00f3n del poder en 2018, <q>es claro que los ministros, la mayor\u00eda, est\u00e1n votando de una manera partidista<\/q>.<\/span><\/p>\n<p><span style=\"font-size: 14pt;\">Al encabezar en la sede de la Universidad Aut\u00f3noma del Estado de M\u00e9xico, en Toluca, uno de <em>Di\u00e1logos por la Democracia<\/em> convocados por la precandidata presidencial de la coalici\u00f3n Seguimos Haciendo Historia (Morena, PT y PVEM), Claudia Sheinbaum, Zald\u00edvar tambi\u00e9n exhort\u00f3 a analizar con <q>apertura de criterios, no con prejuicios<\/q>, la viabilidad de la elecci\u00f3n de ministros mediante el voto.<\/span><\/p>\n<p><span style=\"font-size: 14pt;\">Durante las mesas que se organizaron junto con especialistas y acad\u00e9micos, el tambi\u00e9n ex presidente de la Suprema Corte de Justicia de la Naci\u00f3n (SCJN) se\u00f1al\u00f3 que antes de 1994 se dec\u00eda que todos los integrantes del m\u00e1ximo tribunal <q>eran del PRI<\/q> y que no estaba partidizado, ya que <q>simplemente era un instrumento m\u00e1s de un sistema pol\u00edtico autoritario<\/q>. Y a partir del siguiente a\u00f1o, la SCJN \u201cjugaba en la misma l\u00ednea de los poderes en turno\u2026 de tal suerte que nunca se enfrent\u00f3 de manera mayoritaria a quienes detentaban el poder\u201d.<\/span><\/p>\n<p><span style=\"font-size: 14pt;\">Incluso, destac\u00f3, <q>no hubo una sola decisi\u00f3n que invalidara una pol\u00edtica esencial del presidente de la Rep\u00fablica en turno<\/q>. En el caso de la llamada <em>ley Televisa,<\/em> revel\u00f3 que dos ministros le relataron entonces que hablaron con el mandatario para confirmar que no hab\u00eda problema en invalidarla. Dijo que antes no estaba partidizada porque \u201cel poder econ\u00f3mico, el poder pol\u00edtico, el poder medi\u00e1tico y el Poder Judicial estaban del mismo lado.<\/span><\/p>\n<\/div>\n<div class=\"col col2\">\n<p><span style=\"font-size: 14pt;\"><q>Quienes est\u00e1bamos en minor\u00eda vot\u00e1bamos por razones de convicci\u00f3n, de un constitucionalismo transformador, de un compromiso con los derechos humanos, pero no en t\u00e9rminos partidistas. Hoy, as\u00ed como est\u00e1 polarizado el pa\u00eds y como est\u00e1n los partidos pol\u00edticos, nos damos cuenta de c\u00f3mo hay criterios de la Corte que cambiaron. Pr\u00e1cticamente cualquier proceso legislativo se invalida. En a\u00f1os anteriores hubo violaciones procesales, pero no se anulaban<\/q>, se\u00f1al\u00f3.<\/span><\/p>\n<p><span style=\"font-size: 14pt;\">Sobre la propuesta del presidente Andr\u00e9s Manuel L\u00f3pez Obrador para que los ministros se elijan por medio del voto de la poblaci\u00f3n, dijo que se busca analizar esa posibilidad, pero si se opta por esa v\u00eda, \u201cdesde mi punto de vista no podr\u00eda ser una elecci\u00f3n abierta en la que cualquier persona pueda inscribirse para ser ministro\u2026 quiz\u00e1 tendr\u00eda que ser una elecci\u00f3n indirecta\u201d.<\/span><\/p>\n<\/div>\n<\/div>\n<\/div>\n","protected":false},"excerpt":{"rendered":"<p>Hoy tenemos la Corte m\u00e1s partidizada de la historia de M\u00e9xico, sostuvo el ex ministro Arturo Zald\u00edvar. Advirti\u00f3 que despu\u00e9s<\/p>\n","protected":false},"author":4,"featured_media":29433,"comment_status":"closed","ping_status":"closed","sticky":false,"template":"","format":"standard","meta":{"colormag_page_container_layout":"default_layout","colormag_page_sidebar_layout":"default_layout","_jetpack_memberships_contains_paid_content":false,"footnotes":"","jetpack_publicize_message":"","jetpack_publicize_feature_enabled":true,"jetpack_social_post_already_shared":false,"jetpack_social_options":{"image_generator_settings":{"template":"highway","default_image_id":0,"font":"","enabled":false},"version":2}},"categories":[33],"tags":[],"class_list":["post-29432","post","type-post","status-publish","format-standard","has-post-thumbnail","hentry","category-nacional"],"jetpack_publicize_connections":[],"jetpack_featured_media_url":"https:\/\/i0.wp.com\/politicosaldesnudo.com.mx\/wp-content\/uploads\/2024\/01\/arturo-zaldivar.jpg?fit=2000%2C1350&ssl=1","jetpack-related-posts":[],"jetpack_sharing_enabled":true,"_links":{"self":[{"href":"https:\/\/politicosaldesnudo.com.mx\/index.php\/wp-json\/wp\/v2\/posts\/29432","targetHints":{"allow":["GET"]}}],"collection":[{"href":"https:\/\/politicosaldesnudo.com.mx\/index.php\/wp-json\/wp\/v2\/posts"}],"about":[{"href":"https:\/\/politicosaldesnudo.com.mx\/index.php\/wp-json\/wp\/v2\/types\/post"}],"author":[{"embeddable":true,"href":"https:\/\/politicosaldesnudo.com.mx\/index.php\/wp-json\/wp\/v2\/users\/4"}],"replies":[{"embeddable":true,"href":"https:\/\/politicosaldesnudo.com.mx\/index.php\/wp-json\/wp\/v2\/comments?post=29432"}],"version-history":[{"count":0,"href":"https:\/\/politicosaldesnudo.com.mx\/index.php\/wp-json\/wp\/v2\/posts\/29432\/revisions"}],"wp:featuredmedia":[{"embeddable":true,"href":"https:\/\/politicosaldesnudo.com.mx\/index.php\/wp-json\/wp\/v2\/media\/29433"}],"wp:attachment":[{"href":"https:\/\/politicosaldesnudo.com.mx\/index.php\/wp-json\/wp\/v2\/media?parent=29432"}],"wp:term":[{"taxonomy":"category","embeddable":true,"href":"https:\/\/politicosaldesnudo.com.mx\/index.php\/wp-json\/wp\/v2\/categories?post=29432"},{"taxonomy":"post_tag","embeddable":true,"href":"https:\/\/politicosaldesnudo.com.mx\/index.php\/wp-json\/wp\/v2\/tags?post=29432"}],"curies":[{"name":"wp","href":"https:\/\/api.w.org\/{rel}","templated":true}]}}