{"id":29483,"date":"2024-01-19T00:24:47","date_gmt":"2024-01-19T06:24:47","guid":{"rendered":"https:\/\/politicosaldesnudo.com.mx\/?p=29483"},"modified":"2024-01-19T00:24:47","modified_gmt":"2024-01-19T06:24:47","slug":"ine-quedan-pocos-dias-para-renover-u-obtener-credencial","status":"publish","type":"post","link":"https:\/\/politicosaldesnudo.com.mx\/index.php\/2024\/01\/19\/ine-quedan-pocos-dias-para-renover-u-obtener-credencial\/","title":{"rendered":"INE: quedan pocos d\u00edas para renover u obtener credencial"},"content":{"rendered":"<div class=\"tdb-block-inner td-fix-index\">\n<p><span style=\"font-size: 14pt;\">A escasos d\u00edas de vencerse el plazo para realizar el tr\u00e1mite a fin de obtener la credencial con fotograf\u00eda, la Junta Local Ejecutiva del Instituto Nacional Electoral (INE) hizo un llamado a las y los ciudadanos a que acudan a los m\u00f3dulos de atenci\u00f3n ciudadana para hacer el tr\u00e1mite correspondiente.<\/span><\/p>\n<p><span style=\"font-size: 14pt;\">Esto lo inform\u00f3 Josu\u00e9 Cervantes Mart\u00ednez, presidente del INE en el estado de Veracruz, quien record\u00f3 que el 22 de enero es el \u00faltimo d\u00eda para poder realizar este tr\u00e1mite y contar con la mica para poder emitir su sufragio el pr\u00f3ximo 2 de junio, fecha en que se elegir\u00e1 presidente de la Rep\u00fablica, senadores y diputados federales, as\u00ed como gobernador del estado y diputados locales.\u00a0<\/span><\/p>\n<figure class=\"wp-block-pullquote has-black-color has-text-color has-link-color wp-elements-b80689ead7646afad78803b74fcd561c\">\n<blockquote><p><span style=\"font-size: 14pt;\">\u201cEl 22 de enero es la fecha l\u00edmite para que las personas que necesiten hacer una actualizaci\u00f3n al padr\u00f3n y lista nominal, concretamente, para obtener su credencial de elector con fotograf\u00eda, pues puedan acudir al respectivo m\u00f3dulo de atenci\u00f3n ciudadana m\u00e1s cercana a su domicilio para hacer este tr\u00e1mite\u201d.<\/span><\/p><\/blockquote>\n<\/figure>\n<p><span style=\"font-size: 14pt;\">En entrevista, el funcionario federal mencion\u00f3 que el tipo de tr\u00e1mite que se pueden hacer hasta la fecha mencionada son por un cambio de domicilio, por extrav\u00edo, deterioro de su credencial o porque ya est\u00e1 vencida.<\/span><\/p>\n<p><span style=\"font-size: 14pt;\">De igual manera, invit\u00f3 a aquellos j\u00f3venes que ya cumplieron 18 a\u00f1os o est\u00e1n por cumplirlo de aqu\u00ed al 2 de junio, pueden acudir a solicitar un tr\u00e1mite y contar con su credencial que les permitir\u00e1 sufragar por primera vez para elegir a quienes quieren como gobernantes o que los representen en los congresos federal y estatal, respectivamente.\u00a0<\/span><\/p>\n<p><span style=\"font-size: 14pt;\">Expres\u00f3 que para ello se cuenta con un esquema de citas, que se pueden obtener en la p\u00e1gina www.ine.mx o al tel\u00e9fono 800 433 20 00, pero en este periodo, para poder dar una mejor atenci\u00f3n y aprovechar m\u00e1s los espacios de los tiempos de los m\u00f3dulos, se est\u00e1 atendiendo sin cita, de modo que invit\u00f3 a la ciudadan\u00eda a acudir y en el momento en que una persona que ten\u00eda una cita y por alguna raz\u00f3n no pudo acudir, se utiliza ese espacio.\u00a0<\/span><\/p>\n<p><span style=\"font-size: 14pt;\">Adem\u00e1s, dijo que en 44 m\u00f3dulos de atenci\u00f3n ciudadana ubicados a lo largo y ancho de la entidad, principalmente en las ciudades m\u00e1s grandes de la entidad, se est\u00e1 dando servicio los s\u00e1bados y en 13 de ellos se da el servicio tambi\u00e9n los domingos en horario de 9 a 16 horas, mientras que de lunes a viernes pueden realizar el tr\u00e1mite de 8 a 20 horas.\u00a0<\/span><\/p>\n<p><span style=\"font-size: 14pt;\">Expres\u00f3 que en la Campa\u00f1a Anual Intensa de Credencializaci\u00f3n se ha tenido una buena afluencia de ciudadanos a tramitar la fotocredencial, lo que ha permitido que el padr\u00f3n electoral supere los 6 millones de ciudadanas y ciudadanos inscritos en la lista nominal.\u00a0<\/span><\/p>\n<figure class=\"wp-block-pullquote has-black-color has-text-color has-link-color wp-elements-dcf89e4d3058cb046fc7727b57635a41\">\n<blockquote><p><span style=\"font-size: 14pt;\">\u201cLo importante de todo esto es el universo de j\u00f3venes que est\u00e1n inscritos, en el caso del rango de los 18 a\u00f1os, son alrededor de 100 mil, casi 50 mil mujeres y casi 50 mil hombres; de 19 a\u00f1os, son m\u00e1s de alrededor de 125 mil (62 mil hombres y m\u00e1s de 63 mil mujeres) y en el rango de 20 a 24 a\u00f1os, hay casi 700 mil inscritos (m\u00e1s de 333 mil hombres y m\u00e1s de 337 mil mujeres), por lo que, en el rango de 18 a 24 a\u00f1os, casi es un mill\u00f3n de personas de los 6 millones empadronados\u201d, a\u00f1adi\u00f3.\u00a0<\/span><\/p><\/blockquote>\n<\/figure>\n<p><span style=\"font-size: 14pt;\">Por \u00faltimo, hizo extensiva la invitaci\u00f3n para que acudan a hacer el tr\u00e1mite en los d\u00edas y horarios mencionados, pues no habr\u00e1 pr\u00f3rroga para realizarlo y perder\u00e1 vigencia una vez concluido el proceso electoral, y ya no le servir\u00e1 como medio de identificaci\u00f3n.<\/span><\/p>\n<\/div>\n","protected":false},"excerpt":{"rendered":"<p>A escasos d\u00edas de vencerse el plazo para realizar el tr\u00e1mite a fin de obtener la credencial con fotograf\u00eda, la<\/p>\n","protected":false},"author":4,"featured_media":29484,"comment_status":"closed","ping_status":"closed","sticky":false,"template":"","format":"standard","meta":{"colormag_page_container_layout":"default_layout","colormag_page_sidebar_layout":"default_layout","_jetpack_memberships_contains_paid_content":false,"footnotes":"","jetpack_publicize_message":"","jetpack_publicize_feature_enabled":true,"jetpack_social_post_already_shared":false,"jetpack_social_options":{"image_generator_settings":{"template":"highway","default_image_id":0,"font":"","enabled":false},"version":2}},"categories":[30],"tags":[],"class_list":["post-29483","post","type-post","status-publish","format-standard","has-post-thumbnail","hentry","category-estados"],"jetpack_publicize_connections":[],"jetpack_featured_media_url":"https:\/\/i0.wp.com\/politicosaldesnudo.com.mx\/wp-content\/uploads\/2024\/01\/INE_PUE2.jpg?fit=500%2C333&ssl=1","jetpack-related-posts":[],"jetpack_sharing_enabled":true,"_links":{"self":[{"href":"https:\/\/politicosaldesnudo.com.mx\/index.php\/wp-json\/wp\/v2\/posts\/29483","targetHints":{"allow":["GET"]}}],"collection":[{"href":"https:\/\/politicosaldesnudo.com.mx\/index.php\/wp-json\/wp\/v2\/posts"}],"about":[{"href":"https:\/\/politicosaldesnudo.com.mx\/index.php\/wp-json\/wp\/v2\/types\/post"}],"author":[{"embeddable":true,"href":"https:\/\/politicosaldesnudo.com.mx\/index.php\/wp-json\/wp\/v2\/users\/4"}],"replies":[{"embeddable":true,"href":"https:\/\/politicosaldesnudo.com.mx\/index.php\/wp-json\/wp\/v2\/comments?post=29483"}],"version-history":[{"count":0,"href":"https:\/\/politicosaldesnudo.com.mx\/index.php\/wp-json\/wp\/v2\/posts\/29483\/revisions"}],"wp:featuredmedia":[{"embeddable":true,"href":"https:\/\/politicosaldesnudo.com.mx\/index.php\/wp-json\/wp\/v2\/media\/29484"}],"wp:attachment":[{"href":"https:\/\/politicosaldesnudo.com.mx\/index.php\/wp-json\/wp\/v2\/media?parent=29483"}],"wp:term":[{"taxonomy":"category","embeddable":true,"href":"https:\/\/politicosaldesnudo.com.mx\/index.php\/wp-json\/wp\/v2\/categories?post=29483"},{"taxonomy":"post_tag","embeddable":true,"href":"https:\/\/politicosaldesnudo.com.mx\/index.php\/wp-json\/wp\/v2\/tags?post=29483"}],"curies":[{"name":"wp","href":"https:\/\/api.w.org\/{rel}","templated":true}]}}