{"id":29486,"date":"2024-01-19T00:28:25","date_gmt":"2024-01-19T06:28:25","guid":{"rendered":"https:\/\/politicosaldesnudo.com.mx\/?p=29486"},"modified":"2024-01-19T00:28:25","modified_gmt":"2024-01-19T06:28:25","slug":"mexico-y-veracruz-van-por-la-continuidad-esteban-ramirez","status":"publish","type":"post","link":"https:\/\/politicosaldesnudo.com.mx\/index.php\/2024\/01\/19\/mexico-y-veracruz-van-por-la-continuidad-esteban-ramirez\/","title":{"rendered":"M\u00e9xico y Veracruz van por la continuidad: Esteban Ram\u00edrez"},"content":{"rendered":"<p><span style=\"font-size: 14pt;\">Esteban Ram\u00edrez Zepeta, presidente del Comit\u00e9 Ejecutivo Estatal de Morena en Veracruz se\u00f1al\u00f3 que los mexicanos y los veracruzanos tienen muy claro que los corruptos no volver\u00e1n a gobernar porque desde que comenz\u00f3 la cuarta transformaci\u00f3n el pueblo es el que manda.<\/span><\/p>\n<p><span style=\"font-size: 14pt;\">En Poza Rica, entre militantes y simpatizantes, en el marco del cierre de precampa\u00f1a de la precandidata \u00fanica presidencial de la coalici\u00f3n \u201cSigamos Haciendo Historia\u201d, Claudia Sheinbaum Pardo, el dirigente morenista dijo que no volver\u00e1 la corrupci\u00f3n y la impunidad, \u201cni los gobiernos que solo quieren que le vaya bien a los privilegiados, a los de arriba, a los acostumbrados a vivir de la transa y de los cochupos\u201d.<\/span><\/p>\n<p><span style=\"font-size: 14pt;\">Ram\u00edrez Zepeta reconoci\u00f3 y agradeci\u00f3 a la militancia y simpatizantes que acompa\u00f1aron en Poza Rica a la precandidata presidencial \u00fanica, quien junto a Roc\u00edo Nahle Garc\u00eda representan la esencia de lo que es el movimiento de transformaci\u00f3n.<\/span><\/p>\n<p><span style=\"font-size: 14pt;\">En su evento de cierre de precampa\u00f1a, la doctora Claudia Sheinbaum habl\u00f3 sobre la continuidad de 4T en M\u00e9xico y en Veracruz.<\/span><\/p>\n<p><span style=\"font-size: 14pt;\">\u201cVamos a seguir gobernando con humildad ante la gente y con grandeza frente al pueblo, en el segundo piso de la Cuarta Transformaci\u00f3n lo m\u00e1s importante ser\u00e1 garantizar que la prosperidad llegue a cada rinc\u00f3n de M\u00e9xico, para lo cual se continuar\u00e1 impulsando obras y proyectos como la pensi\u00f3n para adultos mayores, la creaci\u00f3n de m\u00e1s universidades p\u00fablicas, entre otras acciones que ayuden a generar mejores condiciones de vida para todos y todas.\u201d puntualiz\u00f3.<\/span><\/p>\n<p><span style=\"font-size: 14pt;\">Por su parte, Roc\u00edo Nahle, precandidata \u00fanica de la coalici\u00f3n Sigamos Haciendo Historia en Veracruz asegur\u00f3 que \u2018\u2019es tiempo de mujeres porque nos hemos preparado, nos hemos involucrado para construir y transformar esta gran naci\u00f3n\u2019\u2019.<\/span><\/p>\n<p><span style=\"font-size: 14pt;\">Tambi\u00e9n agradeci\u00f3 a la precandidata \u00fanica presidencial, la doctora Claudia Sheinbaum, por arrancar y cerrar su precampa\u00f1a en tierras Veracruzanas.<\/span><\/p>\n","protected":false},"excerpt":{"rendered":"<p>Esteban Ram\u00edrez Zepeta, presidente del Comit\u00e9 Ejecutivo Estatal de Morena en Veracruz se\u00f1al\u00f3 que los mexicanos y los veracruzanos tienen<\/p>\n","protected":false},"author":4,"featured_media":29487,"comment_status":"closed","ping_status":"closed","sticky":false,"template":"","format":"standard","meta":{"colormag_page_container_layout":"default_layout","colormag_page_sidebar_layout":"default_layout","_jetpack_memberships_contains_paid_content":false,"footnotes":"","jetpack_publicize_message":"","jetpack_publicize_feature_enabled":true,"jetpack_social_post_already_shared":false,"jetpack_social_options":{"image_generator_settings":{"template":"highway","default_image_id":0,"font":"","enabled":false},"version":2}},"categories":[30],"tags":[],"class_list":["post-29486","post","type-post","status-publish","format-standard","has-post-thumbnail","hentry","category-estados"],"jetpack_publicize_connections":[],"jetpack_featured_media_url":"https:\/\/i0.wp.com\/politicosaldesnudo.com.mx\/wp-content\/uploads\/2024\/01\/WhatsApp-Image-2024-01-17-at-14.57.47.jpeg?fit=1068%2C712&ssl=1","jetpack-related-posts":[],"jetpack_sharing_enabled":true,"_links":{"self":[{"href":"https:\/\/politicosaldesnudo.com.mx\/index.php\/wp-json\/wp\/v2\/posts\/29486","targetHints":{"allow":["GET"]}}],"collection":[{"href":"https:\/\/politicosaldesnudo.com.mx\/index.php\/wp-json\/wp\/v2\/posts"}],"about":[{"href":"https:\/\/politicosaldesnudo.com.mx\/index.php\/wp-json\/wp\/v2\/types\/post"}],"author":[{"embeddable":true,"href":"https:\/\/politicosaldesnudo.com.mx\/index.php\/wp-json\/wp\/v2\/users\/4"}],"replies":[{"embeddable":true,"href":"https:\/\/politicosaldesnudo.com.mx\/index.php\/wp-json\/wp\/v2\/comments?post=29486"}],"version-history":[{"count":0,"href":"https:\/\/politicosaldesnudo.com.mx\/index.php\/wp-json\/wp\/v2\/posts\/29486\/revisions"}],"wp:featuredmedia":[{"embeddable":true,"href":"https:\/\/politicosaldesnudo.com.mx\/index.php\/wp-json\/wp\/v2\/media\/29487"}],"wp:attachment":[{"href":"https:\/\/politicosaldesnudo.com.mx\/index.php\/wp-json\/wp\/v2\/media?parent=29486"}],"wp:term":[{"taxonomy":"category","embeddable":true,"href":"https:\/\/politicosaldesnudo.com.mx\/index.php\/wp-json\/wp\/v2\/categories?post=29486"},{"taxonomy":"post_tag","embeddable":true,"href":"https:\/\/politicosaldesnudo.com.mx\/index.php\/wp-json\/wp\/v2\/tags?post=29486"}],"curies":[{"name":"wp","href":"https:\/\/api.w.org\/{rel}","templated":true}]}}