{"id":29490,"date":"2024-01-19T00:31:34","date_gmt":"2024-01-19T06:31:34","guid":{"rendered":"https:\/\/politicosaldesnudo.com.mx\/?p=29490"},"modified":"2024-01-19T00:31:34","modified_gmt":"2024-01-19T06:31:34","slug":"repone-ople-funcionarios-distritales-tras-renuncia-de-4-en-perote-y-coatepec","status":"publish","type":"post","link":"https:\/\/politicosaldesnudo.com.mx\/index.php\/2024\/01\/19\/repone-ople-funcionarios-distritales-tras-renuncia-de-4-en-perote-y-coatepec\/","title":{"rendered":"Repone OPLE funcionarios distritales tras renuncia de 4 en Perote y Coatepec"},"content":{"rendered":"<div class=\"tdb-block-inner td-fix-index\">\n<p><span style=\"font-size: 14pt;\">A solo dos d\u00edas de que se instalaron los 30 consejos distritales, el Organismo P\u00fablico Local Electoral (OPLE) aprob\u00f3 el nombramiento de cuatro nuevos funcionarios en los distritos electorales de Perote y Coatepec.<\/span><\/p>\n<p><span style=\"font-size: 14pt;\">En sesi\u00f3n ordinaria, los consejeros informaron sobre la renuncia de cuatro funcionarios suplentes y propietarios en los dos consejos distritales, que se instalaron el pasado lunes 15 de febrero, por lo que se nombraron a quienes ocupar\u00edan los nuevos cargos.<\/span><\/p>\n<p><span style=\"font-size: 14pt;\">Las renuncias fueron presentadas y ratificadas por un consejero propietario de Perote; as\u00ed como la renuncia de un consejero electoral suplente, una consejera presidenta suplente y una secretaria suplente de Coatepec, por lo que se dieron nuevos nombramientos para cubrir las vacantes.<\/span><\/p>\n<p><span style=\"font-size: 14pt;\">Apenas el viernes 12 de enero se dio la toma de protesta de los funcionarios propietarios y suplentes para integrar los 30 consejos distritales, que ser\u00e1n los \u00f3rganos encargados de organizar la elecci\u00f3n del 2 de junio, adem\u00e1s, deber\u00e1n contar los votos de la elecci\u00f3n de gobernador y diputados locales en Veracruz.<\/span><\/p>\n<\/div>\n","protected":false},"excerpt":{"rendered":"<p>A solo dos d\u00edas de que se instalaron los 30 consejos distritales, el Organismo P\u00fablico Local Electoral (OPLE) aprob\u00f3 el<\/p>\n","protected":false},"author":4,"featured_media":29482,"comment_status":"closed","ping_status":"closed","sticky":false,"template":"","format":"standard","meta":{"colormag_page_container_layout":"default_layout","colormag_page_sidebar_layout":"default_layout","_jetpack_memberships_contains_paid_content":false,"footnotes":"","jetpack_publicize_message":"","jetpack_publicize_feature_enabled":true,"jetpack_social_post_already_shared":false,"jetpack_social_options":{"image_generator_settings":{"template":"highway","default_image_id":0,"font":"","enabled":false},"version":2}},"categories":[30],"tags":[],"class_list":["post-29490","post","type-post","status-publish","format-standard","has-post-thumbnail","hentry","category-estados"],"jetpack_publicize_connections":[],"jetpack_featured_media_url":"https:\/\/i0.wp.com\/politicosaldesnudo.com.mx\/wp-content\/uploads\/2024\/01\/ine-ople-reforma-electoral-696x464-1.jpg?fit=696%2C464&ssl=1","jetpack-related-posts":[],"jetpack_sharing_enabled":true,"_links":{"self":[{"href":"https:\/\/politicosaldesnudo.com.mx\/index.php\/wp-json\/wp\/v2\/posts\/29490","targetHints":{"allow":["GET"]}}],"collection":[{"href":"https:\/\/politicosaldesnudo.com.mx\/index.php\/wp-json\/wp\/v2\/posts"}],"about":[{"href":"https:\/\/politicosaldesnudo.com.mx\/index.php\/wp-json\/wp\/v2\/types\/post"}],"author":[{"embeddable":true,"href":"https:\/\/politicosaldesnudo.com.mx\/index.php\/wp-json\/wp\/v2\/users\/4"}],"replies":[{"embeddable":true,"href":"https:\/\/politicosaldesnudo.com.mx\/index.php\/wp-json\/wp\/v2\/comments?post=29490"}],"version-history":[{"count":0,"href":"https:\/\/politicosaldesnudo.com.mx\/index.php\/wp-json\/wp\/v2\/posts\/29490\/revisions"}],"wp:featuredmedia":[{"embeddable":true,"href":"https:\/\/politicosaldesnudo.com.mx\/index.php\/wp-json\/wp\/v2\/media\/29482"}],"wp:attachment":[{"href":"https:\/\/politicosaldesnudo.com.mx\/index.php\/wp-json\/wp\/v2\/media?parent=29490"}],"wp:term":[{"taxonomy":"category","embeddable":true,"href":"https:\/\/politicosaldesnudo.com.mx\/index.php\/wp-json\/wp\/v2\/categories?post=29490"},{"taxonomy":"post_tag","embeddable":true,"href":"https:\/\/politicosaldesnudo.com.mx\/index.php\/wp-json\/wp\/v2\/tags?post=29490"}],"curies":[{"name":"wp","href":"https:\/\/api.w.org\/{rel}","templated":true}]}}