{"id":29600,"date":"2024-01-20T12:40:31","date_gmt":"2024-01-20T18:40:31","guid":{"rendered":"https:\/\/politicosaldesnudo.com.mx\/?p=29600"},"modified":"2024-01-20T12:40:31","modified_gmt":"2024-01-20T18:40:31","slug":"cientos-de-migrantes-parten-en-caravana-desde-honduras-hacia-eu","status":"publish","type":"post","link":"https:\/\/politicosaldesnudo.com.mx\/index.php\/2024\/01\/20\/cientos-de-migrantes-parten-en-caravana-desde-honduras-hacia-eu\/","title":{"rendered":"Cientos de migrantes parten en caravana desde Honduras hacia EU"},"content":{"rendered":"<p><span style=\"font-size: 14pt;\">Varios centenares de migrantes de distintas nacionalidades partieron este s\u00e1bado en caravana desde el norte de Honduras hacia Estados Unidos, donde esperan llegar cruzando Guatemala y M\u00e9xico, con la esperanza de iniciar una nueva vida alejada de las dificultades econ\u00f3micas y la violencia en sus pa\u00edses.<\/span><\/p>\n<p><span style=\"font-size: 14pt;\">Los migrantes, en su mayor\u00eda j\u00f3venes cargando mochilas, mujeres con ni\u00f1os y familias completas, partieron de una terminal de autobuses desde San Pedro Sula rumbo al puesto fronterizo Corinto, lim\u00edtrofe con Guatemala, seg\u00fan mostraron im\u00e1genes de canales de televisi\u00f3n locales.<\/span><\/p>\n<p><span style=\"font-size: 14pt;\">Medios hondure\u00f1os estimaron en m\u00e1s de medio millar los integrantes del grupo, entre ellos venezolanos, una de las nacionalidades que m\u00e1s ha crecido en los \u00faltimos a\u00f1os entre los migrantes que intentan llegar a Estados Unidos.<\/span><\/p>\n<p><span style=\"font-size: 14pt;\">\u00abNos vamos porque le queremos dar un futuro mejor a mis hijos y porque la situaci\u00f3n est\u00e1 muy fea ac\u00e1 en Honduras\u00bb, dijo la hondure\u00f1a Ana S\u00e1nchez, que cargaba un ni\u00f1o de dos a\u00f1os y viajaba con su esposo, quien perdi\u00f3 su empleo en una empresa agr\u00edcola del municipio de Saba, en el litoral atl\u00e1ntico de Honduras.<\/span><\/p>\n<p><span style=\"font-size: 14pt;\">La caravana es la primera que sale de Honduras durante el mandato de la presidenta izquierdista Xiomara Castro, que asumi\u00f3 el poder hace dos a\u00f1os, prometiendo generar empleos, est\u00edmulos a las microempresas y seguridad jur\u00eddica para inversiones para frenar la migraci\u00f3n agravada por la corrupci\u00f3n e inseguridad.<\/span><\/p>\n<p><span style=\"font-size: 14pt;\">\u00abNos vamos porque aqu\u00ed no hay empleo\u00bb, dijo a la televisi\u00f3n <em>HCH<\/em> un hombre no identificado de 53 a\u00f1os, que cargaba sobre sus hombros un ni\u00f1o de casi dos a\u00f1os, mientras otra hija caminaba a su lado con una bolsa.<\/span><\/p>\n<p><span style=\"font-size: 14pt;\">Un portavoz del Instituto Nacional de Migraci\u00f3n, Wilson G\u00f3mez, dijo a <em>Reuters<\/em> que la marcha est\u00e1 formada por \u00abun grupo de personas migrantes mixtas\u00bb. \u00abAh\u00ed est\u00e1n viajando personas de diferentes nacionalidades\u00bb, detall\u00f3.<\/span><\/p>\n<p><span style=\"font-size: 14pt;\">La caravana tambi\u00e9n es la primera que se enfrenta al flamante presidente guatemalteco, Bernardo Ar\u00e9valo, investido mandatario hace unos d\u00edas. \u00abMi gobierno se compromete a tratar a los migrantes que atraviesan nuestro territorio con dignidad, respeto con compasi\u00f3n\u00bb, dijo en su discurso de toma de posesi\u00f3n.<\/span><\/p>\n<p><span style=\"font-size: 14pt;\">En enero de 2021, el ej\u00e9rcito de Guatemala detuvo con gases lacrim\u00f3genos y garrotazos la \u00faltima caravana que intent\u00f3 cruzar el pa\u00eds. El Instituto Guatemalteco de Migraci\u00f3n dijo este s\u00e1bado en un comunicado que quienes cruzan la frontera deben cumplir con los requisitos de identificaci\u00f3n de visa o pasaporte.<\/span><\/p>\n","protected":false},"excerpt":{"rendered":"<p>Varios centenares de migrantes de distintas nacionalidades partieron este s\u00e1bado en caravana desde el norte de Honduras hacia Estados Unidos,<\/p>\n","protected":false},"author":4,"featured_media":29601,"comment_status":"closed","ping_status":"closed","sticky":false,"template":"","format":"standard","meta":{"colormag_page_container_layout":"default_layout","colormag_page_sidebar_layout":"default_layout","_jetpack_memberships_contains_paid_content":false,"footnotes":"","jetpack_publicize_message":"","jetpack_publicize_feature_enabled":true,"jetpack_social_post_already_shared":false,"jetpack_social_options":{"image_generator_settings":{"template":"highway","default_image_id":0,"font":"","enabled":false},"version":2}},"categories":[28],"tags":[],"class_list":["post-29600","post","type-post","status-publish","format-standard","has-post-thumbnail","hentry","category-internacional"],"jetpack_publicize_connections":[],"jetpack_featured_media_url":"https:\/\/i0.wp.com\/politicosaldesnudo.com.mx\/wp-content\/uploads\/2024\/01\/cientos-de-migrantes-parten-en-caravana-desde-honduras-hacia-eu-3815html-caravana-migrantejpg-6313html-b9328321-ff7a-4824-b98e-8a0a2fad5892.jpg?fit=1024%2C682&ssl=1","jetpack-related-posts":[],"jetpack_sharing_enabled":true,"_links":{"self":[{"href":"https:\/\/politicosaldesnudo.com.mx\/index.php\/wp-json\/wp\/v2\/posts\/29600","targetHints":{"allow":["GET"]}}],"collection":[{"href":"https:\/\/politicosaldesnudo.com.mx\/index.php\/wp-json\/wp\/v2\/posts"}],"about":[{"href":"https:\/\/politicosaldesnudo.com.mx\/index.php\/wp-json\/wp\/v2\/types\/post"}],"author":[{"embeddable":true,"href":"https:\/\/politicosaldesnudo.com.mx\/index.php\/wp-json\/wp\/v2\/users\/4"}],"replies":[{"embeddable":true,"href":"https:\/\/politicosaldesnudo.com.mx\/index.php\/wp-json\/wp\/v2\/comments?post=29600"}],"version-history":[{"count":0,"href":"https:\/\/politicosaldesnudo.com.mx\/index.php\/wp-json\/wp\/v2\/posts\/29600\/revisions"}],"wp:featuredmedia":[{"embeddable":true,"href":"https:\/\/politicosaldesnudo.com.mx\/index.php\/wp-json\/wp\/v2\/media\/29601"}],"wp:attachment":[{"href":"https:\/\/politicosaldesnudo.com.mx\/index.php\/wp-json\/wp\/v2\/media?parent=29600"}],"wp:term":[{"taxonomy":"category","embeddable":true,"href":"https:\/\/politicosaldesnudo.com.mx\/index.php\/wp-json\/wp\/v2\/categories?post=29600"},{"taxonomy":"post_tag","embeddable":true,"href":"https:\/\/politicosaldesnudo.com.mx\/index.php\/wp-json\/wp\/v2\/tags?post=29600"}],"curies":[{"name":"wp","href":"https:\/\/api.w.org\/{rel}","templated":true}]}}