{"id":29644,"date":"2024-01-22T08:12:39","date_gmt":"2024-01-22T14:12:39","guid":{"rendered":"https:\/\/politicosaldesnudo.com.mx\/?p=29644"},"modified":"2024-01-22T08:12:39","modified_gmt":"2024-01-22T14:12:39","slug":"renuevan-mesa-directiva-de-canaco","status":"publish","type":"post","link":"https:\/\/politicosaldesnudo.com.mx\/index.php\/2024\/01\/22\/renuevan-mesa-directiva-de-canaco\/","title":{"rendered":"Renuevan Mesa Directiva de Canaco"},"content":{"rendered":"<p><span style=\"font-size: 14pt;\">Tuxpan.- Siguiendo los lineamientos de su convocatoria, este fin de semana se llev\u00f3 a cabo la elecci\u00f3n de la Nueva Mesa Directiva de la C\u00e1mara de Comercio, en donde de manera un\u00e1nime result\u00f3 reelecto para el siguiente periodo el actual presidente Ra\u00fal Pati\u00f1o Blanco.<\/span><\/p>\n<p><span style=\"font-size: 14pt;\">Pati\u00f1o Blanco, acept\u00f3 la responsabilidad de continuar dirigiendo la Canaco Servitur y agradeci\u00f3 a los agremiados la confianza depositada a su persona de nueva cuenta y, al mismo tiempo, dese\u00f3 que \u00e9ste sea un a\u00f1o lleno de \u00e9xito y crecimiento para todos.<\/span><\/p>\n<p><span style=\"font-size: 14pt;\">Se comprometi\u00f3 a seguir trabajando a favor del comercio formal, con el objetivo de atender a empresarios y comerciantes de la zona norte de la entidad, en los m\u00e1s de 40 municipios hasta d\u00f3nde llega la jurisdicci\u00f3n de la delegaci\u00f3n.<\/span><\/p>\n<p><span style=\"font-size: 14pt;\">En su mensaje, Pati\u00f1o Blanco, inform\u00f3 que, a un a\u00f1o de haber tomado las riendas de la confederada, ya tienen dos nuevas oficinas de enlace en los municipios de P\u00e1nuco y Tamiahua; la oficina de P\u00e1nuco atender\u00e1 a los municipios como el Higo, Tepetzintla y Tampico Alto, adem\u00e1s contando con todo el respaldo de la Canaco Tuxpan, para que puedan recibir cursos, talleres de actualizaci\u00f3n y sean parte de los programas que ofrece esta organizaci\u00f3n empresarial.<\/span><\/p>\n<p><span style=\"font-size: 14pt;\">Indic\u00f3 que seguir\u00e1 impulsando cursos de capacitaci\u00f3n gratuitos para los socios, adem\u00e1s de pl\u00e1ticas, talleres, entre otras actividades, con una nueva modalidad, aprovechando las nuevas tecnolog\u00edas, para que todos aquellos socios que no puedan acudir a los cursos de manera presencial puedan hacerlo despu\u00e9s a trav\u00e9s de materiales grabados, para que todos puedan tener acceso a estas importantes actividades.<\/span><\/p>\n<p><span style=\"font-size: 14pt;\">Finalmente, coment\u00f3 que siguen las incorporaciones abiertas todo este mes, para todos aquellos empresarios que quieran sumarse a la c\u00e1mara y aprovechar todos los beneficios que tienen para ellos y sus familias.<\/span><\/p>\n","protected":false},"excerpt":{"rendered":"<p>Tuxpan.- Siguiendo los lineamientos de su convocatoria, este fin de semana se llev\u00f3 a cabo la elecci\u00f3n de la Nueva<\/p>\n","protected":false},"author":4,"featured_media":29645,"comment_status":"closed","ping_status":"closed","sticky":false,"template":"","format":"standard","meta":{"colormag_page_container_layout":"default_layout","colormag_page_sidebar_layout":"default_layout","_jetpack_memberships_contains_paid_content":false,"footnotes":"","jetpack_publicize_message":"","jetpack_publicize_feature_enabled":true,"jetpack_social_post_already_shared":false,"jetpack_social_options":{"image_generator_settings":{"template":"highway","default_image_id":0,"font":"","enabled":false},"version":2}},"categories":[1082],"tags":[],"class_list":["post-29644","post","type-post","status-publish","format-standard","has-post-thumbnail","hentry","category-tuxpan"],"jetpack_publicize_connections":[],"jetpack_featured_media_url":"https:\/\/i0.wp.com\/politicosaldesnudo.com.mx\/wp-content\/uploads\/2024\/01\/5c-1.jpg?fit=1024%2C768&ssl=1","jetpack-related-posts":[],"jetpack_sharing_enabled":true,"_links":{"self":[{"href":"https:\/\/politicosaldesnudo.com.mx\/index.php\/wp-json\/wp\/v2\/posts\/29644","targetHints":{"allow":["GET"]}}],"collection":[{"href":"https:\/\/politicosaldesnudo.com.mx\/index.php\/wp-json\/wp\/v2\/posts"}],"about":[{"href":"https:\/\/politicosaldesnudo.com.mx\/index.php\/wp-json\/wp\/v2\/types\/post"}],"author":[{"embeddable":true,"href":"https:\/\/politicosaldesnudo.com.mx\/index.php\/wp-json\/wp\/v2\/users\/4"}],"replies":[{"embeddable":true,"href":"https:\/\/politicosaldesnudo.com.mx\/index.php\/wp-json\/wp\/v2\/comments?post=29644"}],"version-history":[{"count":0,"href":"https:\/\/politicosaldesnudo.com.mx\/index.php\/wp-json\/wp\/v2\/posts\/29644\/revisions"}],"wp:featuredmedia":[{"embeddable":true,"href":"https:\/\/politicosaldesnudo.com.mx\/index.php\/wp-json\/wp\/v2\/media\/29645"}],"wp:attachment":[{"href":"https:\/\/politicosaldesnudo.com.mx\/index.php\/wp-json\/wp\/v2\/media?parent=29644"}],"wp:term":[{"taxonomy":"category","embeddable":true,"href":"https:\/\/politicosaldesnudo.com.mx\/index.php\/wp-json\/wp\/v2\/categories?post=29644"},{"taxonomy":"post_tag","embeddable":true,"href":"https:\/\/politicosaldesnudo.com.mx\/index.php\/wp-json\/wp\/v2\/tags?post=29644"}],"curies":[{"name":"wp","href":"https:\/\/api.w.org\/{rel}","templated":true}]}}