{"id":29660,"date":"2024-01-22T08:27:59","date_gmt":"2024-01-22T14:27:59","guid":{"rendered":"https:\/\/politicosaldesnudo.com.mx\/?p=29660"},"modified":"2024-01-22T08:27:59","modified_gmt":"2024-01-22T14:27:59","slug":"fallece-a-los-71-anos-jesus-reyes-heroles-gonzalez-garza","status":"publish","type":"post","link":"https:\/\/politicosaldesnudo.com.mx\/index.php\/2024\/01\/22\/fallece-a-los-71-anos-jesus-reyes-heroles-gonzalez-garza\/","title":{"rendered":"Fallece a los 71 a\u00f1os Jes\u00fas Reyes-Heroles Gonz\u00e1lez-Garza"},"content":{"rendered":"<p><span style=\"font-size: 14pt;\">Este domingo falleci\u00f3 Jes\u00fas Reyes-Heroles Gonz\u00e1lez-Garza a los 71 a\u00f1os. Hasta el momento, se desconocen las causas de la muerte del pol\u00edtico mexicano, empresario y tambi\u00e9n ex director de Petr\u00f3leos Mexicanos (Pemex).<\/span><\/p>\n<p><span style=\"font-size: 14pt;\">Fuentes cercanas a sus familiares y algunos pol\u00edticos confirmaron la noticia por medio de su cuenta de X (antes twitter), como Santiago Taboada, alcalde de Benito Ju\u00e1rez y pol\u00edtico del Partido Acci\u00f3n Nacional.<\/span><\/p>\n<p><span style=\"font-size: 14pt;\">Reyes-Heroles Gonz\u00e1lez-Garza se recibi\u00f3 como economista en el Instituto Tecnol\u00f3gico Aut\u00f3nomo de M\u00e9xico (ITAM) doctor en econom\u00eda por el Instituto Tecnol\u00f3gico de Massachusetts.<\/span><\/p>\n<p><span style=\"font-size: 14pt;\">Durante el sexenio de Ernesto Zedillo ocup\u00f3 diversos cargos p\u00fablicos. En 1994 fue director general del Banco Nacional de Obras y Servicios P\u00fablicos (Banobras), luego, entre 1995 y 1997 ocup\u00f3 el cargo de secretario de Energ\u00eda para posteriormente ser nombrado embajador de M\u00e9xico en Estados Unidos, cargo en el que se mantuvo hasta el 2000.<\/span><\/p>\n<p><span style=\"font-size: 14pt;\">Era militante del Partido Revolucionario Institucional (PRI) aunque en el 2006 expres\u00f3 su rechazo a la candidatura de Roberto Madrazo y apoy\u00f3 al PAN.<\/span><\/p>\n<p><span style=\"font-size: 14pt;\">Volvi\u00f3 a aparecer en la vida p\u00fablica nacional el 2 de diciembre de 2006, cuando fue nombrado director general de Pemex bajo el mandato de Felipe Calder\u00f3n, cargo en el que permaneci\u00f3 hasta el 2009.<\/span><\/p>\n<p><span style=\"font-size: 14pt;\">En la iniciativa privada, se desempe\u00f1\u00f3 como presidente ejecutivo de StructurA, una firma que agrupa a cuatro empresas cuyo objetivo, seg\u00fan su portal de internet, es \u201cofrecer a sus clientes soluciones integrales que les permitan hacer la diferencia en un entorno cada vez m\u00e1s competitivo\u201d. Las empresas que agrupa son GEA, PROA, MBD y EnergeA.<\/span><\/p>\n","protected":false},"excerpt":{"rendered":"<p>Este domingo falleci\u00f3 Jes\u00fas Reyes-Heroles Gonz\u00e1lez-Garza a los 71 a\u00f1os. Hasta el momento, se desconocen las causas de la muerte<\/p>\n","protected":false},"author":4,"featured_media":29661,"comment_status":"closed","ping_status":"closed","sticky":false,"template":"","format":"standard","meta":{"colormag_page_container_layout":"default_layout","colormag_page_sidebar_layout":"default_layout","_jetpack_memberships_contains_paid_content":false,"footnotes":"","jetpack_publicize_message":"","jetpack_publicize_feature_enabled":true,"jetpack_social_post_already_shared":false,"jetpack_social_options":{"image_generator_settings":{"template":"highway","default_image_id":0,"font":"","enabled":false},"version":2}},"categories":[33],"tags":[],"class_list":["post-29660","post","type-post","status-publish","format-standard","has-post-thumbnail","hentry","category-nacional"],"jetpack_publicize_connections":[],"jetpack_featured_media_url":"https:\/\/i0.wp.com\/politicosaldesnudo.com.mx\/wp-content\/uploads\/2024\/01\/1240539.jpeg?fit=1920%2C1280&ssl=1","jetpack-related-posts":[],"jetpack_sharing_enabled":true,"_links":{"self":[{"href":"https:\/\/politicosaldesnudo.com.mx\/index.php\/wp-json\/wp\/v2\/posts\/29660","targetHints":{"allow":["GET"]}}],"collection":[{"href":"https:\/\/politicosaldesnudo.com.mx\/index.php\/wp-json\/wp\/v2\/posts"}],"about":[{"href":"https:\/\/politicosaldesnudo.com.mx\/index.php\/wp-json\/wp\/v2\/types\/post"}],"author":[{"embeddable":true,"href":"https:\/\/politicosaldesnudo.com.mx\/index.php\/wp-json\/wp\/v2\/users\/4"}],"replies":[{"embeddable":true,"href":"https:\/\/politicosaldesnudo.com.mx\/index.php\/wp-json\/wp\/v2\/comments?post=29660"}],"version-history":[{"count":0,"href":"https:\/\/politicosaldesnudo.com.mx\/index.php\/wp-json\/wp\/v2\/posts\/29660\/revisions"}],"wp:featuredmedia":[{"embeddable":true,"href":"https:\/\/politicosaldesnudo.com.mx\/index.php\/wp-json\/wp\/v2\/media\/29661"}],"wp:attachment":[{"href":"https:\/\/politicosaldesnudo.com.mx\/index.php\/wp-json\/wp\/v2\/media?parent=29660"}],"wp:term":[{"taxonomy":"category","embeddable":true,"href":"https:\/\/politicosaldesnudo.com.mx\/index.php\/wp-json\/wp\/v2\/categories?post=29660"},{"taxonomy":"post_tag","embeddable":true,"href":"https:\/\/politicosaldesnudo.com.mx\/index.php\/wp-json\/wp\/v2\/tags?post=29660"}],"curies":[{"name":"wp","href":"https:\/\/api.w.org\/{rel}","templated":true}]}}