{"id":29663,"date":"2024-01-22T08:30:36","date_gmt":"2024-01-22T14:30:36","guid":{"rendered":"https:\/\/politicosaldesnudo.com.mx\/?p=29663"},"modified":"2024-01-22T08:30:36","modified_gmt":"2024-01-22T14:30:36","slug":"amlo-las-reformas-son-para-blindar-planes-sociales","status":"publish","type":"post","link":"https:\/\/politicosaldesnudo.com.mx\/index.php\/2024\/01\/22\/amlo-las-reformas-son-para-blindar-planes-sociales\/","title":{"rendered":"AMLO: las reformas son para blindar planes sociales"},"content":{"rendered":"<div class=\"col col1\">\n<p class=\"s-s\"><span style=\"font-size: 14pt;\">Segundo d\u00eda de gira por el centro-norte del pa\u00eds en el que el presidente Andr\u00e9s Manuel L\u00f3pez Obrador aludi\u00f3 al final de su gobierno para enfatizar que est\u00e1 garantizada la continuidad de la transformaci\u00f3n cuyas bases dej\u00f3 sentadas. Asimismo, destac\u00f3 que con sus iniciativas de reformas constitucionales pretende garantizar los derechos sociales para que, llegue quien llegue al gobierno, la vigencia de los programas sociales est\u00e9\u00a0<q>blindada<\/q>.<\/span><\/p>\n<p><span style=\"font-size: 14pt;\">En Zacatecas y San Luis Potos\u00ed, L\u00f3pez Obrador hizo referencia al final de su administraci\u00f3n:\u00a0<q>ya me faltan ocho meses (&#8230;) me voy contento porque ya sentamos las bases de la transformaci\u00f3n, me voy contento porque cumplimos con el principio maderista de sufragio efectivo, no relecci\u00f3n; porque vamos a seguir llevando a cabo la transformaci\u00f3n, aunque ya no est\u00e9, porque me voy a jubilar, el movimiento va a continuar y va a quedar en muy buenas manos. No se los dir\u00eda si no fuera as\u00ed<\/q>.<\/span><\/p>\n<p><span style=\"font-size: 14pt;\">Pidi\u00f3 a los potosinos estar pendientes del paquete de reformas que enviar\u00e1 al Congreso el pr\u00f3ximo 5 de febrero.\u00a0<q>A unos meses que termine mi mandato ya avanzamos, va a ser muy dif\u00edcil un retroceso, porque no va a haber marcha atr\u00e1s, ya cambi\u00f3 la mentalidad, ya est\u00e1 dando resultados la revoluci\u00f3n de las conciencias. Adem\u00e1s, todo va a quedar bien protegido, blindado<\/q>. Las iniciativas, dijo, pretenden garantizar los derechos sociales\u00a0<q>para que llegue quien llegue no puedan cambiar la pol\u00edtica de apoyos al pueblo<\/q>.<\/span><\/p>\n<p><span style=\"font-size: 14pt;\">En la l\u00f3gica del final del sexenio, los gobernadores de Zacatecas, David Monreal, y de San Luis Potos\u00ed, Ricardo Gallardo, lanzaron arengas con abiertos tintes electorales, desafiando el marco legal que restringe sus declaraciones.<\/span><\/p>\n<p><span style=\"font-size: 14pt;\"><q>Que nadie se confunda. La ruta est\u00e1 marcada, tendremos la \u00faltima oportunidad en las elecciones m\u00e1s importantes de la historia, en las que se renovar\u00e1n m\u00e1s de 19 mil cargos de elecci\u00f3n. En M\u00e9xico y en Zacatecas son tiempos de definiciones, de tomar las riendas de nuestro futuro y asumir cada quien su responsabilidad<\/q>. Monreal llam\u00f3 a renovar el compromiso de construir el\u00a0<q>segundo piso de la Cuarta Transformaci\u00f3n<\/q>.<\/span><\/p>\n<p><span style=\"font-size: 14pt;\">M\u00e1s tarde, en San Luis Potos\u00ed, Gallardo fue m\u00e1s directo y expres\u00f3 al Presidente:\u00a0<q>estamos con usted y con la consolidaci\u00f3n de la Cuarta Transformaci\u00f3n que encabezar\u00e1 Claudia Sheinbaum en este 2024. Ya confirmamos en San Luis Potos\u00ed la alianza entre Partido Verde, Morena y Partido del Trabajo, que va a arrasar en el pr\u00f3ximo proceso electoral<\/q>.<\/span><\/p>\n<\/div>\n<div class=\"col col2\">\n<p><span style=\"font-size: 14pt;\">En ambos casos, L\u00f3pez Obrador elogi\u00f3 a los ejecutivos estatales surgidos en su movimiento, Monreal por Morena y Gallardo por el Partido Verde.\u00a0<q>Tienen un buen gobernador, ya lo saben, para qu\u00e9 pierdo mi tiempo<\/q>, se\u00f1al\u00f3 en Zacatecas. Luego, en San Luis Potos\u00ed, repiti\u00f3 la f\u00f3rmula: \u201cTienen un buen gobernador, no les gusta mucho a los\u00a0<em>fif\u00eds<\/em>, pero si le gusta al pueblo es m\u00e1s que suficiente\u201d.<\/span><\/p>\n<\/div>\n","protected":false},"excerpt":{"rendered":"<p>Segundo d\u00eda de gira por el centro-norte del pa\u00eds en el que el presidente Andr\u00e9s Manuel L\u00f3pez Obrador aludi\u00f3 al<\/p>\n","protected":false},"author":4,"featured_media":29664,"comment_status":"closed","ping_status":"closed","sticky":false,"template":"","format":"standard","meta":{"colormag_page_container_layout":"default_layout","colormag_page_sidebar_layout":"default_layout","_jetpack_memberships_contains_paid_content":false,"footnotes":"","jetpack_publicize_message":"","jetpack_publicize_feature_enabled":true,"jetpack_social_post_already_shared":false,"jetpack_social_options":{"image_generator_settings":{"template":"highway","default_image_id":0,"font":"","enabled":false},"version":2}},"categories":[33],"tags":[],"class_list":["post-29663","post","type-post","status-publish","format-standard","has-post-thumbnail","hentry","category-nacional"],"jetpack_publicize_connections":[],"jetpack_featured_media_url":"https:\/\/i0.wp.com\/politicosaldesnudo.com.mx\/wp-content\/uploads\/2024\/01\/amlo-las-reformas-son-para-blindar-planes-sociales-6602html-amlo2jpeg-8071html-3cb83eb2-ec6a-48e9-a187-2fbc5dac7de5.jpg?fit=1024%2C682&ssl=1","jetpack-related-posts":[],"jetpack_sharing_enabled":true,"_links":{"self":[{"href":"https:\/\/politicosaldesnudo.com.mx\/index.php\/wp-json\/wp\/v2\/posts\/29663","targetHints":{"allow":["GET"]}}],"collection":[{"href":"https:\/\/politicosaldesnudo.com.mx\/index.php\/wp-json\/wp\/v2\/posts"}],"about":[{"href":"https:\/\/politicosaldesnudo.com.mx\/index.php\/wp-json\/wp\/v2\/types\/post"}],"author":[{"embeddable":true,"href":"https:\/\/politicosaldesnudo.com.mx\/index.php\/wp-json\/wp\/v2\/users\/4"}],"replies":[{"embeddable":true,"href":"https:\/\/politicosaldesnudo.com.mx\/index.php\/wp-json\/wp\/v2\/comments?post=29663"}],"version-history":[{"count":0,"href":"https:\/\/politicosaldesnudo.com.mx\/index.php\/wp-json\/wp\/v2\/posts\/29663\/revisions"}],"wp:featuredmedia":[{"embeddable":true,"href":"https:\/\/politicosaldesnudo.com.mx\/index.php\/wp-json\/wp\/v2\/media\/29664"}],"wp:attachment":[{"href":"https:\/\/politicosaldesnudo.com.mx\/index.php\/wp-json\/wp\/v2\/media?parent=29663"}],"wp:term":[{"taxonomy":"category","embeddable":true,"href":"https:\/\/politicosaldesnudo.com.mx\/index.php\/wp-json\/wp\/v2\/categories?post=29663"},{"taxonomy":"post_tag","embeddable":true,"href":"https:\/\/politicosaldesnudo.com.mx\/index.php\/wp-json\/wp\/v2\/tags?post=29663"}],"curies":[{"name":"wp","href":"https:\/\/api.w.org\/{rel}","templated":true}]}}