{"id":29666,"date":"2024-01-22T08:33:55","date_gmt":"2024-01-22T14:33:55","guid":{"rendered":"https:\/\/politicosaldesnudo.com.mx\/?p=29666"},"modified":"2024-01-22T08:33:55","modified_gmt":"2024-01-22T14:33:55","slug":"celebra-amlo-que-no-subira-la-harina-de-maiz-para-las-tortillas-este-ano","status":"publish","type":"post","link":"https:\/\/politicosaldesnudo.com.mx\/index.php\/2024\/01\/22\/celebra-amlo-que-no-subira-la-harina-de-maiz-para-las-tortillas-este-ano\/","title":{"rendered":"Celebra AMLO que no subir\u00e1 la harina de ma\u00edz para las tortillas este a\u00f1o"},"content":{"rendered":"<p><span style=\"font-size: 14pt;\">El presidente Andr\u00e9s Manuel L\u00f3pez Obrador inform\u00f3 que este a\u00f1o no habr\u00e1 incremento en la harina de ma\u00edz para las tortillas. \u201cEs una muy buena noticia\u201d.<\/span><\/p>\n<p><span style=\"font-size: 14pt;\">Durante la ma\u00f1anera que se realiza en esta capital, el mandatario federal tambi\u00e9n aprovech\u00f3 para agradecer a las empresas, distribuidoras, comerciantes que han colaborado para mantener el precio de 24 productos de la canasta b\u00e1sica en un costo promedio menor a 800 pesos, mucho m\u00e1s bajo que los mil 39 que se establecieron en el pacto contra la inflaci\u00f3n.<\/span><\/p>\n<p><span style=\"font-size: 14pt;\">\u201cAgradecerles a los de las tiendas de autoservicio y agradecerle a industriales. El jueves personalmente el due\u00f1o, presidente del consejo de administraci\u00f3n de la empresa Maseca, que es la principal distribuidora de harina de ma\u00edz para las tortillas, me inform\u00f3 que este a\u00f1o no va a haber aumento en el precio de la harina de ma\u00edz\u201d.<\/span><\/p>\n<p><span style=\"font-size: 14pt;\">El jefe del Ejecutivo se\u00f1al\u00f3 que Francisco Gonz\u00e1lez, directivo de Maseca, le coment\u00f3 esa \u201cbuena noticia\u201d, por lo que le agradeci\u00f3 \u201cesta actitud solidaria\u201d.<\/span><\/p>\n<p><span style=\"font-size: 14pt;\">Extendi\u00f3 ese agradecimiento a todos los que han colaborado para mantener baja la inflaci\u00f3n.<\/span><\/p>\n<p><span style=\"font-size: 14pt;\">\u201cAgradecer a las tiendas de autoservicio por mantener los precios de la canasta b\u00e1sica, 24 productos que se pact\u00f3 para enfrentar la inflaci\u00f3n, que iban a costar mil 39 pesos. Como estamos viendo hay competencia y el promedio est\u00e1 ya por debajo de 800 pesos la canasta de 24 productos\u201d.<\/span><\/p>\n<p><span style=\"font-size: 14pt;\">L\u00f3pez Obrador plante\u00f3 que en su administraci\u00f3n \u201cestamos logrando destruir el mito, acabar con el mito de de tres d\u00e9cadas, seg\u00fan el cual si aumentaba el salario aumentaba la inflaci\u00f3n, luego entonces no hab\u00eda que aumentar el salario. Eso nos llev\u00f3 a que M\u00e9xico era el pa\u00eds del mundo de los con los salarios m\u00e1s bajos para los trabajadores.<\/span><\/p>\n<p><span style=\"font-size: 14pt;\">\u201cNosotros empezamos a quitar ese mito, desmitificar. Se ha aumentado el salario como no suced\u00eda en casi medio siglo y no hemos tenido problemas de inflaci\u00f3n, se nos enga\u00f1\u00f3 durante mucho tiempo, al contrario, si hay m\u00e1s ingreso abajo, si se fortalece el poder adquisitivo de los salarios, hay m\u00e1s reactivaci\u00f3n econ\u00f3mica, se beneficia la industria, el comercio, lo que est\u00e1 sucediendo en nuestro pa\u00eds\u201d.<\/span><\/p>\n<p><span style=\"font-size: 14pt;\">Aunque, plante\u00f3, no basta con el incremento salarial, sino tambi\u00e9n con el cuidado de la inflaci\u00f3n.<\/span><\/p>\n<p><span style=\"font-size: 14pt;\">\u201cNo basta con aumentar el salario y que aumente la inflaci\u00f3n porque hay carest\u00eda de la vida, es un cuento de nunca acabar, y al final cuando hay mucha inflaci\u00f3n pierde la gente m\u00e1s humilde, la gente m\u00e1s pobre, no hay que permitir la inflaci\u00f3n. Por eso agradezco a los comerciantes, industriales que nos est\u00e1n ayudando. No son medidas coercitivas, es la voluntad de ayudar, es la suma de voluntades, de esfuerzos para que el pa\u00eds siga adelante\u201d.<\/span><\/p>\n","protected":false},"excerpt":{"rendered":"<p>El presidente Andr\u00e9s Manuel L\u00f3pez Obrador inform\u00f3 que este a\u00f1o no habr\u00e1 incremento en la harina de ma\u00edz para las<\/p>\n","protected":false},"author":4,"featured_media":29667,"comment_status":"closed","ping_status":"closed","sticky":false,"template":"","format":"standard","meta":{"colormag_page_container_layout":"default_layout","colormag_page_sidebar_layout":"default_layout","_jetpack_memberships_contains_paid_content":false,"footnotes":"","jetpack_publicize_message":"","jetpack_publicize_feature_enabled":true,"jetpack_social_post_already_shared":false,"jetpack_social_options":{"image_generator_settings":{"template":"highway","default_image_id":0,"font":"","enabled":false},"version":2}},"categories":[33],"tags":[],"class_list":["post-29666","post","type-post","status-publish","format-standard","has-post-thumbnail","hentry","category-nacional"],"jetpack_publicize_connections":[],"jetpack_featured_media_url":"https:\/\/i0.wp.com\/politicosaldesnudo.com.mx\/wp-content\/uploads\/2024\/01\/precio_tortilla_01-980x600-1.jpg?fit=980%2C600&ssl=1","jetpack-related-posts":[],"jetpack_sharing_enabled":true,"_links":{"self":[{"href":"https:\/\/politicosaldesnudo.com.mx\/index.php\/wp-json\/wp\/v2\/posts\/29666","targetHints":{"allow":["GET"]}}],"collection":[{"href":"https:\/\/politicosaldesnudo.com.mx\/index.php\/wp-json\/wp\/v2\/posts"}],"about":[{"href":"https:\/\/politicosaldesnudo.com.mx\/index.php\/wp-json\/wp\/v2\/types\/post"}],"author":[{"embeddable":true,"href":"https:\/\/politicosaldesnudo.com.mx\/index.php\/wp-json\/wp\/v2\/users\/4"}],"replies":[{"embeddable":true,"href":"https:\/\/politicosaldesnudo.com.mx\/index.php\/wp-json\/wp\/v2\/comments?post=29666"}],"version-history":[{"count":0,"href":"https:\/\/politicosaldesnudo.com.mx\/index.php\/wp-json\/wp\/v2\/posts\/29666\/revisions"}],"wp:featuredmedia":[{"embeddable":true,"href":"https:\/\/politicosaldesnudo.com.mx\/index.php\/wp-json\/wp\/v2\/media\/29667"}],"wp:attachment":[{"href":"https:\/\/politicosaldesnudo.com.mx\/index.php\/wp-json\/wp\/v2\/media?parent=29666"}],"wp:term":[{"taxonomy":"category","embeddable":true,"href":"https:\/\/politicosaldesnudo.com.mx\/index.php\/wp-json\/wp\/v2\/categories?post=29666"},{"taxonomy":"post_tag","embeddable":true,"href":"https:\/\/politicosaldesnudo.com.mx\/index.php\/wp-json\/wp\/v2\/tags?post=29666"}],"curies":[{"name":"wp","href":"https:\/\/api.w.org\/{rel}","templated":true}]}}