{"id":29669,"date":"2024-01-22T08:36:59","date_gmt":"2024-01-22T14:36:59","guid":{"rendered":"https:\/\/politicosaldesnudo.com.mx\/?p=29669"},"modified":"2024-01-22T08:36:59","modified_gmt":"2024-01-22T14:36:59","slug":"conagua-asistira-a-queretaro-para-resolver-el-problema-del-vital-liquido","status":"publish","type":"post","link":"https:\/\/politicosaldesnudo.com.mx\/index.php\/2024\/01\/22\/conagua-asistira-a-queretaro-para-resolver-el-problema-del-vital-liquido\/","title":{"rendered":"Conagua asistir\u00e1 a Quer\u00e9taro para resolver el problema del vital l\u00edquido"},"content":{"rendered":"<p><span style=\"font-size: 14pt;\">Los gobiernos federal y de Quer\u00e9taro firmaron un convenio en materia h\u00eddrica, mediante el cual Conagua se compromete a proporcionar asistencia t\u00e9cnica para acompa\u00f1ar las acciones del gobierno del estado tendientes a resolver un problema de abasto de agua en la zona metropolitana de Quer\u00e9taro.<\/span><\/p>\n<p><span style=\"font-size: 14pt;\">El gobierno del estado invertir\u00e1 en infraestructura para el tratamiento de aguas residuales y potabilizar el agua, para atender la creciente demanda del l\u00edquido.<\/span><\/p>\n<p><span style=\"font-size: 14pt;\">El director de Conagua, Germ\u00e1n Mart\u00ednez, destac\u00f3 que el problema de abasto obedece al r\u00e1pido crecimiento demogr\u00e1fico de la capital que en 2010 ten\u00eda una poblaci\u00f3n de un mill\u00f3n 90 mil personas y en la actualidad un mill\u00f3n 594 mil personas, un crecimiento de 46 por ciento.<\/span><\/p>\n<p><span style=\"font-size: 14pt;\">Por otro lado, el gobernador del estado Mauricio Kuri dijo que diariamente llegan a la capital del estado 126 personas. Ante esta situaci\u00f3n, se ha dise\u00f1ado un programa ambicioso para el tratamiento de aguas residuales y la potabilizaci\u00f3n del agua que permita atender la demanda de este l\u00edquido, aunque agradeci\u00f3 el respaldo federal para llevarlos a cabo.<\/span><\/p>\n<p><span style=\"font-size: 14pt;\">En otro orden, Kuri dijo que Quer\u00e9taro es uno de los estados que vive en paz, \u00abaunque no estamos exentos de desaf\u00edos y de delitos, pero se vive con orden. El estado ocupa el 24 lugar en materia de tasas de homicidios y el 25 lugar en torno al n\u00famero de feminicidios. Anunci\u00f3 que en breve inaugurar\u00e1n uno de los centros m\u00e1s modernos dotado con alta tecnolog\u00eda para fortalecer las tareas de prevenci\u00f3n.<\/span><\/p>\n<p><span style=\"font-size: 14pt;\">Ante el presidente, Kuri record\u00f3 que como senador vot\u00f3 a favor de los programas sociales federales porque, a\u00fan cuando est\u00e1 convencido de que la mejor manera de superar los rezagos sociales es mediante mejores salarios, pero mientras estos llegan los programas sociales son fundamentales para apoyar a la gente. Por ello, dijo, en su gobierno tambi\u00e9n se introdujeron programas para apoyar a mujeres en condiciones de vulnerabilidad, subsidiar transporte a sectores populares y becas estudiantes.<\/span><\/p>\n<p><span style=\"font-size: 14pt;\">En materia de seguridad, el general Luis Cresensio Sandoval dijo que Quer\u00e9taro ocupa el noveno lugar en delitos de alto impacto aunque con tendencia a la baja, destacando que en el caso de homicidios dolosos, ocupa el lugar 27 con tendencia a la baja 906 homicidios en el sexenio con una media nacional de cuatro mil 395.<\/span><\/p>\n","protected":false},"excerpt":{"rendered":"<p>Los gobiernos federal y de Quer\u00e9taro firmaron un convenio en materia h\u00eddrica, mediante el cual Conagua se compromete a proporcionar<\/p>\n","protected":false},"author":4,"featured_media":29670,"comment_status":"closed","ping_status":"closed","sticky":false,"template":"","format":"standard","meta":{"colormag_page_container_layout":"default_layout","colormag_page_sidebar_layout":"default_layout","_jetpack_memberships_contains_paid_content":false,"footnotes":"","jetpack_publicize_message":"","jetpack_publicize_feature_enabled":true,"jetpack_social_post_already_shared":false,"jetpack_social_options":{"image_generator_settings":{"template":"highway","default_image_id":0,"font":"","enabled":false},"version":2}},"categories":[33],"tags":[],"class_list":["post-29669","post","type-post","status-publish","format-standard","has-post-thumbnail","hentry","category-nacional"],"jetpack_publicize_connections":[],"jetpack_featured_media_url":"https:\/\/i0.wp.com\/politicosaldesnudo.com.mx\/wp-content\/uploads\/2024\/01\/presa-Zimapan-1.jpg?fit=1279%2C798&ssl=1","jetpack-related-posts":[],"jetpack_sharing_enabled":true,"_links":{"self":[{"href":"https:\/\/politicosaldesnudo.com.mx\/index.php\/wp-json\/wp\/v2\/posts\/29669","targetHints":{"allow":["GET"]}}],"collection":[{"href":"https:\/\/politicosaldesnudo.com.mx\/index.php\/wp-json\/wp\/v2\/posts"}],"about":[{"href":"https:\/\/politicosaldesnudo.com.mx\/index.php\/wp-json\/wp\/v2\/types\/post"}],"author":[{"embeddable":true,"href":"https:\/\/politicosaldesnudo.com.mx\/index.php\/wp-json\/wp\/v2\/users\/4"}],"replies":[{"embeddable":true,"href":"https:\/\/politicosaldesnudo.com.mx\/index.php\/wp-json\/wp\/v2\/comments?post=29669"}],"version-history":[{"count":0,"href":"https:\/\/politicosaldesnudo.com.mx\/index.php\/wp-json\/wp\/v2\/posts\/29669\/revisions"}],"wp:featuredmedia":[{"embeddable":true,"href":"https:\/\/politicosaldesnudo.com.mx\/index.php\/wp-json\/wp\/v2\/media\/29670"}],"wp:attachment":[{"href":"https:\/\/politicosaldesnudo.com.mx\/index.php\/wp-json\/wp\/v2\/media?parent=29669"}],"wp:term":[{"taxonomy":"category","embeddable":true,"href":"https:\/\/politicosaldesnudo.com.mx\/index.php\/wp-json\/wp\/v2\/categories?post=29669"},{"taxonomy":"post_tag","embeddable":true,"href":"https:\/\/politicosaldesnudo.com.mx\/index.php\/wp-json\/wp\/v2\/tags?post=29669"}],"curies":[{"name":"wp","href":"https:\/\/api.w.org\/{rel}","templated":true}]}}