{"id":29726,"date":"2024-01-23T08:41:40","date_gmt":"2024-01-23T14:41:40","guid":{"rendered":"https:\/\/politicosaldesnudo.com.mx\/?p=29726"},"modified":"2024-01-23T08:41:40","modified_gmt":"2024-01-23T14:41:40","slug":"ople-debe-ser-parejo-al-cuidar-la-equidad-en-elecciones-cgj","status":"publish","type":"post","link":"https:\/\/politicosaldesnudo.com.mx\/index.php\/2024\/01\/23\/ople-debe-ser-parejo-al-cuidar-la-equidad-en-elecciones-cgj\/","title":{"rendered":"OPLE debe ser parejo al cuidar la equidad en elecciones: CGJ"},"content":{"rendered":"<div class=\"tdb-block-inner td-fix-index\">\n<p><span style=\"font-size: 14pt;\">Xalapa, Ver.- Es un paso positivo que el Organismo P\u00fablico Local Electoral (OPLE) est\u00e9 vigilante de los mensajes que las autoridades emitan hasta en redes sociales \u2013 que son dif\u00edciles de controlar \u2013 para garantizar la equidad en las elecciones, pero que aplique el mismo criterio para todos, que \u201csea parejo\u201d, pidi\u00f3 el gobernador Cuitl\u00e1huac Garc\u00eda Jim\u00e9nez.<\/span><\/p>\n<p><span style=\"font-size: 14pt;\">Lo anterior, en referencia al acuerdo CG\/SE\/CAMC\/PRI\/004\/2024 emitido por la Comisi\u00f3n Permanente de Quejas y Denuncias del organismo el viernes 19 de enero por el video grabado y publicado en redes sociales del mandatario en noviembre del 2023 en Casa Veracruz, donde se reuni\u00f3 con la exsecretaria de Energ\u00eda federal, Roc\u00edo Nahle, y la felicit\u00f3 por haber ganado el proceso interno de su partido.<\/span><\/p>\n<p><span style=\"font-size: 14pt;\">En conferencia de prensa, Garc\u00eda Jim\u00e9nez deplor\u00f3 que los consejos generales del Instituto Nacional Electoral y del OPLE anteriores no hayan llamado la atenci\u00f3n a autoridades como el exgobernador Miguel \u00c1ngel Yunes Linares ni el expresidente Vicente Fox Quezada, que s\u00ed intervinieron en sus respectivos procesos electorales.<\/span><\/p>\n<p><span style=\"font-size: 14pt;\">\u201cImag\u00ednense, \u00a1el gobernador postula a su hijo y se mete en la elecci\u00f3n y le dice loco al contrario! \u00bfY qu\u00e9 hizo el OPLE? \u00bfLe dijeron algo al gobernador en turno? A nivel nacional, un presidente en funciones se para en el atril del mitin y dice: aqu\u00ed el que va a ganar es (su partido). \u00a1Fox se par\u00f3 en el mitin! \u00bfY qu\u00e9 le dijo el INE? Nada\u201d.<\/span><\/p>\n<p><span style=\"font-size: 14pt;\">\u201cEs positiva esta actitud nueva del OPLE, y yo espero que, independientemente quien est\u00e9 en el Ejecutivo, se mantenga observando estas situaciones. Y si en algo lastima, lo ponemos a discusi\u00f3n, pero que sea parejo, esto es importante para que no se repita lo que hizo Fox o eso de postular a tu hijo y defenderlo a diestra y siniestra\u201d, enfatiz\u00f3.<\/span><\/p>\n<\/div>\n","protected":false},"excerpt":{"rendered":"<p>Xalapa, Ver.- Es un paso positivo que el Organismo P\u00fablico Local Electoral (OPLE) est\u00e9 vigilante de los mensajes que las<\/p>\n","protected":false},"author":4,"featured_media":29727,"comment_status":"closed","ping_status":"closed","sticky":false,"template":"","format":"standard","meta":{"colormag_page_container_layout":"default_layout","colormag_page_sidebar_layout":"default_layout","_jetpack_memberships_contains_paid_content":false,"footnotes":"","jetpack_publicize_message":"","jetpack_publicize_feature_enabled":true,"jetpack_social_post_already_shared":false,"jetpack_social_options":{"image_generator_settings":{"template":"highway","default_image_id":0,"font":"","enabled":false},"version":2}},"categories":[30],"tags":[],"class_list":["post-29726","post","type-post","status-publish","format-standard","has-post-thumbnail","hentry","category-estados"],"jetpack_publicize_connections":[],"jetpack_featured_media_url":"https:\/\/i0.wp.com\/politicosaldesnudo.com.mx\/wp-content\/uploads\/2024\/01\/OPLE-Veracruz.jpg?fit=1068%2C713&ssl=1","jetpack-related-posts":[],"jetpack_sharing_enabled":true,"_links":{"self":[{"href":"https:\/\/politicosaldesnudo.com.mx\/index.php\/wp-json\/wp\/v2\/posts\/29726","targetHints":{"allow":["GET"]}}],"collection":[{"href":"https:\/\/politicosaldesnudo.com.mx\/index.php\/wp-json\/wp\/v2\/posts"}],"about":[{"href":"https:\/\/politicosaldesnudo.com.mx\/index.php\/wp-json\/wp\/v2\/types\/post"}],"author":[{"embeddable":true,"href":"https:\/\/politicosaldesnudo.com.mx\/index.php\/wp-json\/wp\/v2\/users\/4"}],"replies":[{"embeddable":true,"href":"https:\/\/politicosaldesnudo.com.mx\/index.php\/wp-json\/wp\/v2\/comments?post=29726"}],"version-history":[{"count":0,"href":"https:\/\/politicosaldesnudo.com.mx\/index.php\/wp-json\/wp\/v2\/posts\/29726\/revisions"}],"wp:featuredmedia":[{"embeddable":true,"href":"https:\/\/politicosaldesnudo.com.mx\/index.php\/wp-json\/wp\/v2\/media\/29727"}],"wp:attachment":[{"href":"https:\/\/politicosaldesnudo.com.mx\/index.php\/wp-json\/wp\/v2\/media?parent=29726"}],"wp:term":[{"taxonomy":"category","embeddable":true,"href":"https:\/\/politicosaldesnudo.com.mx\/index.php\/wp-json\/wp\/v2\/categories?post=29726"},{"taxonomy":"post_tag","embeddable":true,"href":"https:\/\/politicosaldesnudo.com.mx\/index.php\/wp-json\/wp\/v2\/tags?post=29726"}],"curies":[{"name":"wp","href":"https:\/\/api.w.org\/{rel}","templated":true}]}}