{"id":29757,"date":"2024-01-23T09:17:08","date_gmt":"2024-01-23T15:17:08","guid":{"rendered":"https:\/\/politicosaldesnudo.com.mx\/?p=29757"},"modified":"2024-01-23T09:17:08","modified_gmt":"2024-01-23T15:17:08","slug":"ue-presiona-a-israel-para-que-acepte-un-estado-palestino","status":"publish","type":"post","link":"https:\/\/politicosaldesnudo.com.mx\/index.php\/2024\/01\/23\/ue-presiona-a-israel-para-que-acepte-un-estado-palestino\/","title":{"rendered":"UE presiona a Israel para que acepte un Estado palestino"},"content":{"rendered":"<p><span style=\"font-size: 14pt;\">El jefe de la diplomacia de la UE, Josep Borrell, insisti\u00f3 este lunes en una soluci\u00f3n basada en dos Estados para el conflicto israelo-palestino, y asegur\u00f3 que Israel no podr\u00e1 lograr la paz en Gaza s\u00f3lo por medios militares.<\/span><\/p>\n<p><span style=\"font-size: 14pt;\">\u00abQueremos construir una soluci\u00f3n de dos Estados. As\u00ed que hablemos de eso\u00bb, dijo Borrell al llegar a una reuni\u00f3n de ministros de Relaciones Exteriores del bloque en Bruselas.<\/span><\/p>\n<p><span style=\"font-size: 14pt;\">Borrell hizo estas declaraciones antes de que los cancilleres europeos se re\u00fanan por separado con su hom\u00f3logo israel\u00ed, Israel Katz, y palestino, Riyad al Maliki.<\/span><\/p>\n<p><span style=\"font-size: 14pt;\">Seg\u00fan Borrell, \u00abpaz y estabilidad no se pueden construir solamente por medios militares. (&#8230;) \u00bfQu\u00e9 otra soluci\u00f3n est\u00e1n considerando? \u00bfHacer que todos los palestinos se vayan? \u00bfMatarlos?\u00bb.<\/span><\/p>\n<p><span style=\"font-size: 14pt;\">Al Maliki dijo que esperaba que la UE comience a \u00abcontemplar sanciones contra [el primer ministro israel\u00ed, Benjamin] Netanyahu y otros que realmente est\u00e1n destruyendo las posibilidades de una soluci\u00f3n de dos Estados\u00bb.<\/span><\/p>\n<p><span style=\"font-size: 14pt;\">De su lado, el canciller espa\u00f1ol, Jos\u00e9 Manuel Albares, dijo que Madrid aboga por convocar una conferencia de paz para \u00abimplementar la soluci\u00f3n de dos Estados\u00bb.<\/span><\/p>\n<p><span style=\"font-size: 14pt;\">\u00abUn estado palestino realista y viable supone a Gaza y Cisjordania bajo una misma Autoridad Nacional palestina, conectados por un corredor para que haya continuidad territorial, con una salida al mar por un puerto en Gaza, y con su capital en Jerusal\u00e9n Este\u00bb, dijo.<\/span><\/p>\n<p><span style=\"font-size: 14pt;\">Al llegar a la sede de reuniones, Katz ignor\u00f3 a la prensa y se limit\u00f3 a decir que su pa\u00eds estaba concentrado en obtener la liberaci\u00f3n de los rehenes capturados por el grupo islamista Ham\u00e1s el 7 de octubre.<\/span><\/p>\n<p><span style=\"font-size: 14pt;\">La jefa de la diplomacia de Alemania, Annalena Berbock, reiter\u00f3 que \u00abla soluci\u00f3n de dos Estados es la \u00fanica, y quienes no la quieren no han presentado ninguna otra alternativa.<\/span><\/p>\n","protected":false},"excerpt":{"rendered":"<p>El jefe de la diplomacia de la UE, Josep Borrell, insisti\u00f3 este lunes en una soluci\u00f3n basada en dos Estados<\/p>\n","protected":false},"author":4,"featured_media":29758,"comment_status":"closed","ping_status":"closed","sticky":false,"template":"","format":"standard","meta":{"colormag_page_container_layout":"default_layout","colormag_page_sidebar_layout":"default_layout","_jetpack_memberships_contains_paid_content":false,"footnotes":"","jetpack_publicize_message":"","jetpack_publicize_feature_enabled":true,"jetpack_social_post_already_shared":false,"jetpack_social_options":{"image_generator_settings":{"template":"highway","default_image_id":0,"font":"","enabled":false},"version":2}},"categories":[28],"tags":[],"class_list":["post-29757","post","type-post","status-publish","format-standard","has-post-thumbnail","hentry","category-internacional"],"jetpack_publicize_connections":[],"jetpack_featured_media_url":"https:\/\/i0.wp.com\/politicosaldesnudo.com.mx\/wp-content\/uploads\/2024\/01\/17060061821247.jpg?fit=828%2C552&ssl=1","jetpack-related-posts":[],"jetpack_sharing_enabled":true,"_links":{"self":[{"href":"https:\/\/politicosaldesnudo.com.mx\/index.php\/wp-json\/wp\/v2\/posts\/29757","targetHints":{"allow":["GET"]}}],"collection":[{"href":"https:\/\/politicosaldesnudo.com.mx\/index.php\/wp-json\/wp\/v2\/posts"}],"about":[{"href":"https:\/\/politicosaldesnudo.com.mx\/index.php\/wp-json\/wp\/v2\/types\/post"}],"author":[{"embeddable":true,"href":"https:\/\/politicosaldesnudo.com.mx\/index.php\/wp-json\/wp\/v2\/users\/4"}],"replies":[{"embeddable":true,"href":"https:\/\/politicosaldesnudo.com.mx\/index.php\/wp-json\/wp\/v2\/comments?post=29757"}],"version-history":[{"count":0,"href":"https:\/\/politicosaldesnudo.com.mx\/index.php\/wp-json\/wp\/v2\/posts\/29757\/revisions"}],"wp:featuredmedia":[{"embeddable":true,"href":"https:\/\/politicosaldesnudo.com.mx\/index.php\/wp-json\/wp\/v2\/media\/29758"}],"wp:attachment":[{"href":"https:\/\/politicosaldesnudo.com.mx\/index.php\/wp-json\/wp\/v2\/media?parent=29757"}],"wp:term":[{"taxonomy":"category","embeddable":true,"href":"https:\/\/politicosaldesnudo.com.mx\/index.php\/wp-json\/wp\/v2\/categories?post=29757"},{"taxonomy":"post_tag","embeddable":true,"href":"https:\/\/politicosaldesnudo.com.mx\/index.php\/wp-json\/wp\/v2\/tags?post=29757"}],"curies":[{"name":"wp","href":"https:\/\/api.w.org\/{rel}","templated":true}]}}