{"id":29763,"date":"2024-01-23T09:21:17","date_gmt":"2024-01-23T15:21:17","guid":{"rendered":"https:\/\/politicosaldesnudo.com.mx\/?p=29763"},"modified":"2024-01-23T09:21:17","modified_gmt":"2024-01-23T15:21:17","slug":"israel-asalta-y-sitia-dos-hospitales-palestinos","status":"publish","type":"post","link":"https:\/\/politicosaldesnudo.com.mx\/index.php\/2024\/01\/23\/israel-asalta-y-sitia-dos-hospitales-palestinos\/","title":{"rendered":"Israel asalta y sitia dos hospitales palestinos"},"content":{"rendered":"<p class=\"s-s\"><span style=\"font-size: 14pt;\">Las fuerzas israel\u00edes asaltaron un hospital y sitiaron otro ayer, en su avance hacia el oeste de Jan Yunis, en los combates m\u00e1s sangrientos que vive Gaza en lo que va del mes, impidiendo que los heridos recibieran atenci\u00f3n, informaron funcionarios palestinos.<\/span><\/p>\n<p><span style=\"font-size: 14pt;\">Autoridades de salud de Gaza reportaron 190 fallecidos y m\u00e1s de 100 heridos en las \u00faltimas 24 horas, sum\u00e1ndose a los 25 mil 295 muertos en la franja de Gaza, en su mayor\u00eda civiles, desde el inicio del conflicto el 7 de octubre.<\/span><\/p>\n<p><span style=\"font-size: 14pt;\">Las tropas avanzaron por primera vez en el distrito de Mawasi, cerca de la costa mediterr\u00e1nea y al oeste de Jan Yunis, la principal ciudad del sur de Gaza. Ah\u00ed asaltaron el hospital Al Khair y detuvieron al personal m\u00e9dico, denunci\u00f3 el portavoz del ministerio de Salud de Gaza, Ashraf Qidra.<\/span><\/p>\n<p><span style=\"font-size: 14pt;\">La Media Luna Roja Palestina cont\u00f3 que los tanques tambi\u00e9n rodearon el hospital Amal en Jan Yunis, sede de la agencia de rescate, que hab\u00eda perdido el contacto con su personal en el lugar.<\/span><\/p>\n<p><span style=\"font-size: 14pt;\">Qidra indic\u00f3 que al menos 50 personas murieron durante la noche en Jan Yunis.\u00a0<q>La ocupaci\u00f3n israel\u00ed impide que las ambulancias se desplacen para recuperar los cad\u00e1veres y los heridos<\/q>, acus\u00f3.<\/span><\/p>\n<p><span style=\"font-size: 14pt;\">Israel afirma que los combatientes de Hamas operan desde el interior y los alrededores de los hospitales, algo que el grupo militante y el personal m\u00e9dico niegan.<\/span><\/p>\n<p><span style=\"font-size: 14pt;\">Los residentes afirmaron que los bombardeos a\u00e9reos, terrestres y mar\u00edtimos fueron los m\u00e1s intensos en el sector sur de Gaza desde que comenz\u00f3 la guerra en octubre, mientras los tanques israel\u00edes avanzaban por Jan Yunis hacia la costa.<\/span><\/p>\n<p><span style=\"font-size: 14pt;\">Israel lanz\u00f3 una ofensiva la semana pasada para capturar Jan Yunis, que ahora considera el principal cuartel general de los militantes de Hamas.<\/span><\/p>\n<p><span style=\"font-size: 14pt;\">La mayor\u00eda de los 2.3 millones de habitantes de Gaza est\u00e1n ahora encerrados en Raf\u00e1 y Deir Balah, hacinados en edificios p\u00fablicos y en vastos campamentos de tiendas de campa\u00f1a hechas con l\u00e1minas de pl\u00e1stico atadas a estructuras de madera.<\/span><\/p>\n<p><span style=\"font-size: 14pt;\">En el hospital Nasser, el \u00fanico centro de salud importante al que todav\u00eda se puede acceder en Jan Yunis, y el mayor que sigue funcionando en Gaza, un video mostraba la sala de traumatolog\u00eda desbordada de heridos que recib\u00edan tratamiento en un suelo salpicado de sangre.<\/span><\/p>\n<p><span style=\"font-size: 14pt;\">Ahmed Abu Mustafa, m\u00e9dico de urgencias, asever\u00f3 que llevaba 30 horas sin dormir y que estaba tratando a entre 10 y 11 pacientes en una unidad de cuidados intensivos con cuatro camas.<\/span><\/p>\n","protected":false},"excerpt":{"rendered":"<p>Las fuerzas israel\u00edes asaltaron un hospital y sitiaron otro ayer, en su avance hacia el oeste de Jan Yunis, en<\/p>\n","protected":false},"author":4,"featured_media":29764,"comment_status":"closed","ping_status":"closed","sticky":false,"template":"","format":"standard","meta":{"colormag_page_container_layout":"default_layout","colormag_page_sidebar_layout":"default_layout","_jetpack_memberships_contains_paid_content":false,"footnotes":"","jetpack_publicize_message":"","jetpack_publicize_feature_enabled":true,"jetpack_social_post_already_shared":false,"jetpack_social_options":{"image_generator_settings":{"template":"highway","default_image_id":0,"font":"","enabled":false},"version":2}},"categories":[28],"tags":[],"class_list":["post-29763","post","type-post","status-publish","format-standard","has-post-thumbnail","hentry","category-internacional"],"jetpack_publicize_connections":[],"jetpack_featured_media_url":"https:\/\/i0.wp.com\/politicosaldesnudo.com.mx\/wp-content\/uploads\/2024\/01\/israel-asalta-y-sitia-dos-hospitales-palestinos-6672html-gazajpg-1038html-0f6ab39e-b142-484e-80ee-6fe1a9974329.jpg?fit=1024%2C682&ssl=1","jetpack-related-posts":[],"jetpack_sharing_enabled":true,"_links":{"self":[{"href":"https:\/\/politicosaldesnudo.com.mx\/index.php\/wp-json\/wp\/v2\/posts\/29763","targetHints":{"allow":["GET"]}}],"collection":[{"href":"https:\/\/politicosaldesnudo.com.mx\/index.php\/wp-json\/wp\/v2\/posts"}],"about":[{"href":"https:\/\/politicosaldesnudo.com.mx\/index.php\/wp-json\/wp\/v2\/types\/post"}],"author":[{"embeddable":true,"href":"https:\/\/politicosaldesnudo.com.mx\/index.php\/wp-json\/wp\/v2\/users\/4"}],"replies":[{"embeddable":true,"href":"https:\/\/politicosaldesnudo.com.mx\/index.php\/wp-json\/wp\/v2\/comments?post=29763"}],"version-history":[{"count":0,"href":"https:\/\/politicosaldesnudo.com.mx\/index.php\/wp-json\/wp\/v2\/posts\/29763\/revisions"}],"wp:featuredmedia":[{"embeddable":true,"href":"https:\/\/politicosaldesnudo.com.mx\/index.php\/wp-json\/wp\/v2\/media\/29764"}],"wp:attachment":[{"href":"https:\/\/politicosaldesnudo.com.mx\/index.php\/wp-json\/wp\/v2\/media?parent=29763"}],"wp:term":[{"taxonomy":"category","embeddable":true,"href":"https:\/\/politicosaldesnudo.com.mx\/index.php\/wp-json\/wp\/v2\/categories?post=29763"},{"taxonomy":"post_tag","embeddable":true,"href":"https:\/\/politicosaldesnudo.com.mx\/index.php\/wp-json\/wp\/v2\/tags?post=29763"}],"curies":[{"name":"wp","href":"https:\/\/api.w.org\/{rel}","templated":true}]}}