{"id":29821,"date":"2024-01-24T08:29:37","date_gmt":"2024-01-24T14:29:37","guid":{"rendered":"https:\/\/politicosaldesnudo.com.mx\/?p=29821"},"modified":"2024-01-24T08:29:37","modified_gmt":"2024-01-24T14:29:37","slug":"pri-pan-y-prd-van-en-coalicion-en-98-de-distritos-federales","status":"publish","type":"post","link":"https:\/\/politicosaldesnudo.com.mx\/index.php\/2024\/01\/24\/pri-pan-y-prd-van-en-coalicion-en-98-de-distritos-federales\/","title":{"rendered":"PRI, PAN y PRD van en coalici\u00f3n en 98% de distritos federales"},"content":{"rendered":"<p><span style=\"font-size: 14pt;\">Ante el resultado adverso de las encuestas de preferencia electoral, el PRI, PAN y PRD decidieron modificar su convenio de coalici\u00f3n para ir juntos en el 98 por ciento de los 300 distritos federales, despu\u00e9s de que aumentaron de 253 a 294 el n\u00famero en los que postular\u00e1n candidatos en com\u00fan para la C\u00e1mara de Diputados.<\/span><\/p>\n<p class=\"western\"><span style=\"font-size: 14pt;\">Por lo que hace a las senadur\u00edas determinaron ir coaligados en 30 estados, por lo que designar\u00e1n abanderados para 60 formulas, y no 28 como originalmente hab\u00edan pactado.<\/span><\/p>\n<p class=\"western\"><span style=\"font-size: 14pt;\">Rub\u00e9n Moreira, coordinador de los diputados federales pri\u00edstas, celebr\u00f3 en redes sociales el crecimiento de la alianza. \u201cSe suman m\u00e1s distritos a la coalici\u00f3n. Vamos juntos rumbo al triunfo\u201d, subray\u00f3.<\/span><\/p>\n<p class=\"western\"><span style=\"font-size: 14pt;\">Con los cambios al convenio, el frente opositor amplia en diversos estados el n\u00famero de distritos federales donde van juntos. Entre ellos se encuentra el Estado de M\u00e9xico, Tlaxcala y Oaxaca. En el primero, por ejemplo, se cubrieron 38 de los 40 distritos existentes.<\/span><\/p>\n","protected":false},"excerpt":{"rendered":"<p>Ante el resultado adverso de las encuestas de preferencia electoral, el PRI, PAN y PRD decidieron modificar su convenio de<\/p>\n","protected":false},"author":4,"featured_media":29822,"comment_status":"closed","ping_status":"closed","sticky":false,"template":"","format":"standard","meta":{"colormag_page_container_layout":"default_layout","colormag_page_sidebar_layout":"default_layout","_jetpack_memberships_contains_paid_content":false,"footnotes":"","jetpack_publicize_message":"","jetpack_publicize_feature_enabled":true,"jetpack_social_post_already_shared":false,"jetpack_social_options":{"image_generator_settings":{"template":"highway","default_image_id":0,"font":"","enabled":false},"version":2}},"categories":[33],"tags":[],"class_list":["post-29821","post","type-post","status-publish","format-standard","has-post-thumbnail","hentry","category-nacional"],"jetpack_publicize_connections":[],"jetpack_featured_media_url":"https:\/\/i0.wp.com\/politicosaldesnudo.com.mx\/wp-content\/uploads\/2024\/01\/pri-pan-y-prd-van-en-coalicion-en-98-de-distritos-federales-7114html-panjpg-6904html-3655a8b3-1518-40b2-9044-b80e33d00957.jpg?fit=1024%2C682&ssl=1","jetpack-related-posts":[],"jetpack_sharing_enabled":true,"_links":{"self":[{"href":"https:\/\/politicosaldesnudo.com.mx\/index.php\/wp-json\/wp\/v2\/posts\/29821","targetHints":{"allow":["GET"]}}],"collection":[{"href":"https:\/\/politicosaldesnudo.com.mx\/index.php\/wp-json\/wp\/v2\/posts"}],"about":[{"href":"https:\/\/politicosaldesnudo.com.mx\/index.php\/wp-json\/wp\/v2\/types\/post"}],"author":[{"embeddable":true,"href":"https:\/\/politicosaldesnudo.com.mx\/index.php\/wp-json\/wp\/v2\/users\/4"}],"replies":[{"embeddable":true,"href":"https:\/\/politicosaldesnudo.com.mx\/index.php\/wp-json\/wp\/v2\/comments?post=29821"}],"version-history":[{"count":0,"href":"https:\/\/politicosaldesnudo.com.mx\/index.php\/wp-json\/wp\/v2\/posts\/29821\/revisions"}],"wp:featuredmedia":[{"embeddable":true,"href":"https:\/\/politicosaldesnudo.com.mx\/index.php\/wp-json\/wp\/v2\/media\/29822"}],"wp:attachment":[{"href":"https:\/\/politicosaldesnudo.com.mx\/index.php\/wp-json\/wp\/v2\/media?parent=29821"}],"wp:term":[{"taxonomy":"category","embeddable":true,"href":"https:\/\/politicosaldesnudo.com.mx\/index.php\/wp-json\/wp\/v2\/categories?post=29821"},{"taxonomy":"post_tag","embeddable":true,"href":"https:\/\/politicosaldesnudo.com.mx\/index.php\/wp-json\/wp\/v2\/tags?post=29821"}],"curies":[{"name":"wp","href":"https:\/\/api.w.org\/{rel}","templated":true}]}}