{"id":29915,"date":"2024-01-25T22:15:03","date_gmt":"2024-01-26T04:15:03","guid":{"rendered":"https:\/\/politicosaldesnudo.com.mx\/?p=29915"},"modified":"2024-01-25T22:15:03","modified_gmt":"2024-01-26T04:15:03","slug":"lorena-la-verdadera-dirigente-del-pri","status":"publish","type":"post","link":"https:\/\/politicosaldesnudo.com.mx\/index.php\/2024\/01\/25\/lorena-la-verdadera-dirigente-del-pri\/","title":{"rendered":"Lorena: La verdadera dirigente del PRI"},"content":{"rendered":"<p><span style=\"font-size: 14pt;\"><strong>Por: Luis Ram\u00edrez Baqueiro<\/strong><\/span><\/p>\n<p><span style=\"font-size: 14pt;\"><em>\u201cEl mejor libro es la conciencia.\u201d \u2013 V\u00edctor Hugo.<\/em><\/span><\/p>\n<p><span style=\"font-size: 14pt;\"><strong>\u00a0<\/strong><strong>Para nadie es una sorpresa que vivimos tiempos de cambio. Las mujeres han venido poco a poco recuperando los espacios que les corresponden y eso le viene bien a una sociedad que debe ser plural e incluyente.<\/strong><\/span><\/p>\n<p><span style=\"font-size: 14pt;\"><strong>Lo que esta campa\u00f1a electoral nos ha venido dejando es precisamente la confirmaci\u00f3n de c\u00f3mo las f\u00e9minas veracruzanas ganan y bien los espacios de decisi\u00f3n.<\/strong><\/span><\/p>\n<p><span style=\"font-size: 14pt;\"><strong>Esta madrugada a eso de la una de la ma\u00f1ana, la dirigencia nacional del PRI dio a conocer el listado de candidatos a las diputaciones federales por la v\u00eda plurinominal.<\/strong><\/span><\/p>\n<p><span style=\"font-size: 14pt;\"><strong>Para sorpresa de Tirios y Troyanos, la lista por la tercera circunscripci\u00f3n electoral la encabeza la actual diputada federal y secretaria general del Partido Revolucionario Institucional, Lorena Pi\u00f1\u00f3n Rivera, quien ha sido la verdadera apuesta de Alejandro \u201cAlito\u201d Moreno en Veracruz.<\/strong><\/span><\/p>\n<p><span style=\"font-size: 14pt;\"><strong>Aun cuando en los hechos los acuerdos pol\u00edticos hayan llevado a la dirigencia estatal a Adolfo \u201cFofo\u201d Ram\u00edrez Arana, esto no significa que sea quien verdaderamente contiene todo el pulso y peso del partido.<\/strong><\/span><\/p>\n<p><span style=\"font-size: 14pt;\"><strong>En la realidad, la intrascendente y si por mucho desastrosa dirigencia de Ram\u00edrez Arana le ha costado al PRI, la fuga de cientos de cuadros que hartos de las tomadas de pelo decidieron abandonarlo para buscar otros frentes en donde si fueran respetados los acuerdos pol\u00edticos y los espacios para sus respectivos equipos.<\/strong><\/span><\/p>\n<p><span style=\"font-size: 14pt;\"><strong>La reciente renuncia del Secretario de Finanza y Administraci\u00f3n del Comit\u00e9 Directivo Estatal del PRI, Jos\u00e9 de Jes\u00fas Carde\u00f1a Gonz\u00e1lez, evidenci\u00f3 que el actual presidente del otrora poderoso partido no tiene mayor fuerza que un Tehuac\u00e1n sin gas.<\/strong><\/span><\/p>\n<p><span style=\"font-size: 14pt;\"><strong>Apenas este mi\u00e9rcoles, otro militante con fuerza y presencia en Zongolica de nombre Ignacio Arturo Valencia Mej\u00eda anunciaba su salida para incorporarse al Partido Verde Ecologista de M\u00e9xico (PVEM) que ha sido el ganador de cara al proceso electoral del 2 de junio.<\/strong><\/span><\/p>\n<p><span style=\"font-size: 14pt;\"><strong>En los hechos, Pepe Yunes maniatado por alianzas \u2013calificadas de necesarias para la consumaci\u00f3n de su proyecto- con personajes impresentables que acompa\u00f1aron anteriores gobiernos, en donde brillaron por su alta capacidad para enriquecerse o en el peor de los casos pasar a formar parte del anecdotario por los motes, alias , apodos o sobrenombres, que se han caracterizado por ser los bufones del rey en su momento, que erigidos en los expertos analistas de la opini\u00f3n p\u00fablica, quienes le dicen al candidato quien es y quien no es importante escuchar, y as\u00ed aislarlo de la realidad, para llegado el momento hacerlo perder.<\/strong><\/span><\/p>\n<p><span style=\"font-size: 14pt;\"><strong>Bien dicen que el que nace para maceta no pasa del corredor\u2026 aunque en el PRI, ni la maceta, mucho menos el corredor sirve para mucho.<\/strong><\/span><\/p>\n<p><span style=\"font-size: 14pt;\"><strong>\u00a0<\/strong><strong>Al <\/strong><strong>tiempo.<\/strong><\/span><\/p>\n<p><img data-recalc-dims=\"1\" loading=\"lazy\" decoding=\"async\" class=\"aligncenter size-full wp-image-29611\" src=\"https:\/\/i0.wp.com\/politicosaldesnudo.com.mx\/wp-content\/uploads\/2024\/01\/FIRMA-EDITORIAL-PD-4.jpg?resize=800%2C98&#038;ssl=1\" alt=\"\" width=\"800\" height=\"98\" srcset=\"https:\/\/i0.wp.com\/politicosaldesnudo.com.mx\/wp-content\/uploads\/2024\/01\/FIRMA-EDITORIAL-PD-4.jpg?w=1024&amp;ssl=1 1024w, https:\/\/i0.wp.com\/politicosaldesnudo.com.mx\/wp-content\/uploads\/2024\/01\/FIRMA-EDITORIAL-PD-4.jpg?resize=300%2C37&amp;ssl=1 300w, https:\/\/i0.wp.com\/politicosaldesnudo.com.mx\/wp-content\/uploads\/2024\/01\/FIRMA-EDITORIAL-PD-4.jpg?resize=768%2C94&amp;ssl=1 768w\" sizes=\"auto, (max-width: 800px) 100vw, 800px\" \/><\/p>\n<p>&nbsp;<\/p>\n","protected":false},"excerpt":{"rendered":"<p>Por: Luis Ram\u00edrez Baqueiro \u201cEl mejor libro es la conciencia.\u201d \u2013 V\u00edctor Hugo. \u00a0Para nadie es una sorpresa que vivimos<\/p>\n","protected":false},"author":4,"featured_media":4390,"comment_status":"closed","ping_status":"closed","sticky":false,"template":"","format":"standard","meta":{"colormag_page_container_layout":"default_layout","colormag_page_sidebar_layout":"default_layout","_jetpack_memberships_contains_paid_content":false,"footnotes":"","jetpack_publicize_message":"","jetpack_publicize_feature_enabled":true,"jetpack_social_post_already_shared":false,"jetpack_social_options":{"image_generator_settings":{"template":"highway","default_image_id":0,"font":"","enabled":false},"version":2}},"categories":[26],"tags":[],"class_list":["post-29915","post","type-post","status-publish","format-standard","has-post-thumbnail","hentry","category-columnistas"],"jetpack_publicize_connections":[],"jetpack_featured_media_url":"https:\/\/i0.wp.com\/politicosaldesnudo.com.mx\/wp-content\/uploads\/2022\/04\/LUIS-RAMI%CC%81REZ-BAQUEIRO.png?fit=1816%2C1016&ssl=1","jetpack-related-posts":[],"jetpack_sharing_enabled":true,"_links":{"self":[{"href":"https:\/\/politicosaldesnudo.com.mx\/index.php\/wp-json\/wp\/v2\/posts\/29915","targetHints":{"allow":["GET"]}}],"collection":[{"href":"https:\/\/politicosaldesnudo.com.mx\/index.php\/wp-json\/wp\/v2\/posts"}],"about":[{"href":"https:\/\/politicosaldesnudo.com.mx\/index.php\/wp-json\/wp\/v2\/types\/post"}],"author":[{"embeddable":true,"href":"https:\/\/politicosaldesnudo.com.mx\/index.php\/wp-json\/wp\/v2\/users\/4"}],"replies":[{"embeddable":true,"href":"https:\/\/politicosaldesnudo.com.mx\/index.php\/wp-json\/wp\/v2\/comments?post=29915"}],"version-history":[{"count":0,"href":"https:\/\/politicosaldesnudo.com.mx\/index.php\/wp-json\/wp\/v2\/posts\/29915\/revisions"}],"wp:featuredmedia":[{"embeddable":true,"href":"https:\/\/politicosaldesnudo.com.mx\/index.php\/wp-json\/wp\/v2\/media\/4390"}],"wp:attachment":[{"href":"https:\/\/politicosaldesnudo.com.mx\/index.php\/wp-json\/wp\/v2\/media?parent=29915"}],"wp:term":[{"taxonomy":"category","embeddable":true,"href":"https:\/\/politicosaldesnudo.com.mx\/index.php\/wp-json\/wp\/v2\/categories?post=29915"},{"taxonomy":"post_tag","embeddable":true,"href":"https:\/\/politicosaldesnudo.com.mx\/index.php\/wp-json\/wp\/v2\/tags?post=29915"}],"curies":[{"name":"wp","href":"https:\/\/api.w.org\/{rel}","templated":true}]}}