{"id":29962,"date":"2024-01-26T10:58:24","date_gmt":"2024-01-26T16:58:24","guid":{"rendered":"https:\/\/politicosaldesnudo.com.mx\/?p=29962"},"modified":"2024-01-26T10:58:24","modified_gmt":"2024-01-26T16:58:24","slug":"recomienda-amlo-a-sucesores-seguir-con-rescate-de-industria-petrolera","status":"publish","type":"post","link":"https:\/\/politicosaldesnudo.com.mx\/index.php\/2024\/01\/26\/recomienda-amlo-a-sucesores-seguir-con-rescate-de-industria-petrolera\/","title":{"rendered":"Recomienda AMLO a sucesores seguir con rescate de industria petrolera"},"content":{"rendered":"<p><span style=\"font-size: 14pt;\">El presidente Andr\u00e9s Manuel L\u00f3pez Obrador recomend\u00f3 al siguiente gobierno seguir avanzando en el rescate de la industria petrolera y la autosuficiencia energ\u00e9tica. Inclusive, reconoci\u00f3 que se ha arrepentido de no haber comprado al menos otras dos refiner\u00edas, como se hizo en su momento con la de Deer Park, ubicada en Texas.<\/span><\/p>\n<p><span style=\"font-size: 14pt;\">En la ma\u00f1anera de este viernes en Palacio Nacional, el mandatario federal se\u00f1al\u00f3 que el 28 de febrero la refiner\u00eda de Dos Bocas \u2014uno de los proyectos m\u00e1s ambiciosos de su administraci\u00f3n\u2014 estar\u00e1 operando al total de su capacidad, que se estima en la capacidad de procesar 280 mil barriles diarios de petr\u00f3leo.<\/span><\/p>\n<p><span style=\"font-size: 14pt;\">Insisti\u00f3 que a quien entregue la estafeta el pr\u00f3ximo 1 de octubre tiene tres opciones en materia energ\u00e9tica: seguir con el plan de modernizaci\u00f3n de las plantas que ya se tienen: seis que exist\u00edan y que se han rehabilitado, Deer Park, Dos Bocas y las plantas coquizadoras de Tula, que estar\u00e1 lista al final del sexenio, y Salina Cruz, que se dejar\u00e1 concluida la obra civil, de acuerdo al mandatario.<\/span><\/p>\n<p><span style=\"font-size: 14pt;\">Una opci\u00f3n m\u00e1s, dijo, es construir una nueva refiner\u00eda. \u201cMi propuesta eran tres, al final estoy haciendo cuatro, porque es Dos Bocas, Deer Park que la compramos y las dos coquizadoras, que son como dos refiner\u00edas. Esa es la otra opci\u00f3n, hacer una mas. Ya con esto se resuelve el problema, ya no se compra combustible en definitiva hacia adelante\u201d.<\/span><\/p>\n<p><span style=\"font-size: 14pt;\">La tercera propuesta planteada por el jefe del Ejecutivo para quien lo relevar\u00e1 es que se compre una nueva refiner\u00eda. Aunque, acot\u00f3, ya no est\u00e1n en los precios que se manejaban ciando su gobierno adquiri\u00f3 Deer Park.<\/span><\/p>\n<p><span style=\"font-size: 14pt;\">\u201c\u00bfQui\u00e9n va a resolver esto? A quien le entregue yo la estafeta. Pero tengo confianza que se va a seguir avanzando en el rescate de la industria petrolera y de la autosuficiencia energ\u00e9tica. Es importante que el Estado conserve estas empresas estrat\u00e9gicas, esa idea no la comparten con nosotros los tecn\u00f3cratas, ellos quisieran que todo quedara al mercado, quieren la libertad, pero \u00bfsaben qu\u00e9 libertad quieren? La del zorro en el gallinero, pues eso no se puede\u201d.<\/span><\/p>\n<p><span style=\"font-size: 14pt;\">Indic\u00f3 que cuando se proyect\u00f3 comprar Deer Park se dio en medio de un ambiente global que apuntaba a que el petr\u00f3leo era el pasado y hab\u00eda un auge de los carros el\u00e9ctricos.<\/span><\/p>\n<p><span style=\"font-size: 14pt;\">\u201cSi hay algo que me arrepiento es no haber autorizado la compra de dos refiner\u00edas m\u00e1s porque hasta los petroleros se lo creyeron (que las refiner\u00edas eran obsoletas). Eso fue hace como tres a\u00f1os. Hab\u00eda como 10 en venta en Houston a precios muy bajos, esta empresa Shell ten\u00eda como tres en venta, no ten\u00eda en venta la de Deer Park, pero esa nos interesaba mucho porque ah\u00ed ten\u00edamos el 49 por ciento de participaci\u00f3n y ellos decid\u00edan que hacer con las utilidades y siempre las reinvert\u00edan y a M\u00e9xico no le tocaba nada. Cuando se da este ambiente de que ya ven\u00edan los carros el\u00e9ctricos y que las refiner\u00edas eran obsoletas empiezan a bajar de precio y las ponen en venta, hab\u00eda como 10\u201d.<\/span><\/p>\n<p><span style=\"font-size: 14pt;\">L\u00f3pez Obrador record\u00f3 que para adquirir el 51 por ciento restante de Deer Park, su gobierno pag\u00f3 a Shell 600 millones de d\u00f3lares y ahora genera una utilidad de mil millones de d\u00f3lares al a\u00f1o.<\/span><\/p>\n<p><span style=\"font-size: 14pt;\">\u201cPorque no cre\u00edan que de la noche a la ma\u00f1ana se iba a dejar de usar las gasolinas y no iba a ser f\u00e1cil que nos dieran el permiso en Estados Unidos para adquirir tres, por eso dijimos una\u201d.<\/span><\/p>\n<p><span style=\"font-size: 14pt;\">Indic\u00f3 que con el proyecto de rehabilitaci\u00f3n de las seis refiner\u00edas que se ten\u00edan en el pa\u00eds y que fueron abandonadas por los neoliberales, se pas\u00f3 de 38 por ciento que produc\u00edan al inicio de su administraci\u00f3n, a 65 por ciento actualmente.<\/span><\/p>\n<p><span style=\"font-size: 14pt;\">\u201cPensando en el futuro, si se sigue con el plan de rehabilitaci\u00f3n, si se le sigue invirtiendo a\u00f1o con a\u00f1o se puede llegar de 65 a 80, 90, ya se tiene capacidad para procesar en esas seis refiner\u00edas hasta un mill\u00f3n 200 mil barriles, estamos actualmente como 800 mil, llegamos hace poco a un mill\u00f3n de barriles diarios entre las seis, s\u00f3lo con el plan de rehabilitaci\u00f3n. Estamos metiendo de 8 a 10 mil millones de pesos en estos a\u00f1os a las seis. Estamos buscando elevar la producci\u00f3n en las seis a un mill\u00f3n 200 mil\u201d.<\/span><\/p>\n","protected":false},"excerpt":{"rendered":"<p>El presidente Andr\u00e9s Manuel L\u00f3pez Obrador recomend\u00f3 al siguiente gobierno seguir avanzando en el rescate de la industria petrolera y<\/p>\n","protected":false},"author":4,"featured_media":29963,"comment_status":"closed","ping_status":"closed","sticky":false,"template":"","format":"standard","meta":{"colormag_page_container_layout":"default_layout","colormag_page_sidebar_layout":"default_layout","_jetpack_memberships_contains_paid_content":false,"footnotes":"","jetpack_publicize_message":"","jetpack_publicize_feature_enabled":true,"jetpack_social_post_already_shared":false,"jetpack_social_options":{"image_generator_settings":{"template":"highway","default_image_id":0,"font":"","enabled":false},"version":2}},"categories":[33],"tags":[],"class_list":["post-29962","post","type-post","status-publish","format-standard","has-post-thumbnail","hentry","category-nacional"],"jetpack_publicize_connections":[],"jetpack_featured_media_url":"https:\/\/i0.wp.com\/politicosaldesnudo.com.mx\/wp-content\/uploads\/2024\/01\/352258ref.jpg?fit=640%2C451&ssl=1","jetpack-related-posts":[],"jetpack_sharing_enabled":true,"_links":{"self":[{"href":"https:\/\/politicosaldesnudo.com.mx\/index.php\/wp-json\/wp\/v2\/posts\/29962","targetHints":{"allow":["GET"]}}],"collection":[{"href":"https:\/\/politicosaldesnudo.com.mx\/index.php\/wp-json\/wp\/v2\/posts"}],"about":[{"href":"https:\/\/politicosaldesnudo.com.mx\/index.php\/wp-json\/wp\/v2\/types\/post"}],"author":[{"embeddable":true,"href":"https:\/\/politicosaldesnudo.com.mx\/index.php\/wp-json\/wp\/v2\/users\/4"}],"replies":[{"embeddable":true,"href":"https:\/\/politicosaldesnudo.com.mx\/index.php\/wp-json\/wp\/v2\/comments?post=29962"}],"version-history":[{"count":0,"href":"https:\/\/politicosaldesnudo.com.mx\/index.php\/wp-json\/wp\/v2\/posts\/29962\/revisions"}],"wp:featuredmedia":[{"embeddable":true,"href":"https:\/\/politicosaldesnudo.com.mx\/index.php\/wp-json\/wp\/v2\/media\/29963"}],"wp:attachment":[{"href":"https:\/\/politicosaldesnudo.com.mx\/index.php\/wp-json\/wp\/v2\/media?parent=29962"}],"wp:term":[{"taxonomy":"category","embeddable":true,"href":"https:\/\/politicosaldesnudo.com.mx\/index.php\/wp-json\/wp\/v2\/categories?post=29962"},{"taxonomy":"post_tag","embeddable":true,"href":"https:\/\/politicosaldesnudo.com.mx\/index.php\/wp-json\/wp\/v2\/tags?post=29962"}],"curies":[{"name":"wp","href":"https:\/\/api.w.org\/{rel}","templated":true}]}}