{"id":29999,"date":"2024-01-27T11:35:59","date_gmt":"2024-01-27T17:35:59","guid":{"rendered":"https:\/\/politicosaldesnudo.com.mx\/?p=29999"},"modified":"2024-01-27T11:35:59","modified_gmt":"2024-01-27T17:35:59","slug":"fomentan-educacion-ambiental","status":"publish","type":"post","link":"https:\/\/politicosaldesnudo.com.mx\/index.php\/2024\/01\/27\/fomentan-educacion-ambiental\/","title":{"rendered":"Fomentan Educaci\u00f3n Ambiental"},"content":{"rendered":"<p><span style=\"font-size: 14pt;\">Tuxpan.- Autoridades Municipales conmemoraron el D\u00eda Mundial de la Educaci\u00f3n Ambiental, inculcando en los ni\u00f1os y j\u00f3venes una cultura de concientizaci\u00f3n para el cuidado del planeta, fortalecer el respeto a la naturaleza e invitarlos para apoyar las diversas que el gobierno local impulsa a trav\u00e9s de la direcci\u00f3n y regidur\u00eda comisionadas.<\/span><\/p>\n<p><span style=\"font-size: 14pt;\">La edil Anah\u00ed Aguilar L\u00f3pez coordin\u00f3 el evento conmemorativo para fomentar el respeto a la madre naturaleza procurando llegar en especial a la ni\u00f1ez.<\/span><\/p>\n<p><span style=\"font-size: 14pt;\">Manifest\u00f3 que \u00abcelebramos el d\u00eda mundial de la educaci\u00f3n ambiental, un d\u00eda para reflexionar sobre lo que estamos haciendo bien, pero sobre todo de qu\u00e9 manera estamos lastimando a nuestro planeta y de qu\u00e9 manera remediar esto\u00bb, dijo.<\/span><\/p>\n<p><span style=\"font-size: 14pt;\">En esta actividad, participaron diversas instituciones como el Sistema Arrecifal Lobos-Tuxpan CONANP, la Universidad Veracruzana, el CETMAR No.20, el Campamento Tortuguero las Barras, REDIA y la Coordinaci\u00f3n de Medio Ambiente quienes fueron las encargadas de los talleres presentados para m\u00e1s de 150 ni\u00f1os de las escuelas jard\u00edn de Ni\u00f1os Francisca Cano, las primarias Antonia Nava, Ejercito Mexicano, Enrique C. R\u00e9bsamen y Pino Su\u00e1rez.<\/span><\/p>\n<p><span style=\"font-size: 14pt;\">Los talleres fueron din\u00e1micos con juegos recreativos y pl\u00e1ticas, para que los ni\u00f1os a trav\u00e9s de jugar aprendan y reciban los mensajes que las autoridades desean, que es la concientizaci\u00f3n ambiental.<\/span><\/p>\n","protected":false},"excerpt":{"rendered":"<p>Tuxpan.- Autoridades Municipales conmemoraron el D\u00eda Mundial de la Educaci\u00f3n Ambiental, inculcando en los ni\u00f1os y j\u00f3venes una cultura de<\/p>\n","protected":false},"author":4,"featured_media":30000,"comment_status":"closed","ping_status":"closed","sticky":false,"template":"","format":"standard","meta":{"colormag_page_container_layout":"default_layout","colormag_page_sidebar_layout":"default_layout","_jetpack_memberships_contains_paid_content":false,"footnotes":"","jetpack_publicize_message":"","jetpack_publicize_feature_enabled":true,"jetpack_social_post_already_shared":false,"jetpack_social_options":{"image_generator_settings":{"template":"highway","default_image_id":0,"font":"","enabled":false},"version":2}},"categories":[1082],"tags":[],"class_list":["post-29999","post","type-post","status-publish","format-standard","has-post-thumbnail","hentry","category-tuxpan"],"jetpack_publicize_connections":[],"jetpack_featured_media_url":"https:\/\/i0.wp.com\/politicosaldesnudo.com.mx\/wp-content\/uploads\/2024\/01\/4b-8.jpg?fit=1045%2C720&ssl=1","jetpack-related-posts":[],"jetpack_sharing_enabled":true,"_links":{"self":[{"href":"https:\/\/politicosaldesnudo.com.mx\/index.php\/wp-json\/wp\/v2\/posts\/29999","targetHints":{"allow":["GET"]}}],"collection":[{"href":"https:\/\/politicosaldesnudo.com.mx\/index.php\/wp-json\/wp\/v2\/posts"}],"about":[{"href":"https:\/\/politicosaldesnudo.com.mx\/index.php\/wp-json\/wp\/v2\/types\/post"}],"author":[{"embeddable":true,"href":"https:\/\/politicosaldesnudo.com.mx\/index.php\/wp-json\/wp\/v2\/users\/4"}],"replies":[{"embeddable":true,"href":"https:\/\/politicosaldesnudo.com.mx\/index.php\/wp-json\/wp\/v2\/comments?post=29999"}],"version-history":[{"count":0,"href":"https:\/\/politicosaldesnudo.com.mx\/index.php\/wp-json\/wp\/v2\/posts\/29999\/revisions"}],"wp:featuredmedia":[{"embeddable":true,"href":"https:\/\/politicosaldesnudo.com.mx\/index.php\/wp-json\/wp\/v2\/media\/30000"}],"wp:attachment":[{"href":"https:\/\/politicosaldesnudo.com.mx\/index.php\/wp-json\/wp\/v2\/media?parent=29999"}],"wp:term":[{"taxonomy":"category","embeddable":true,"href":"https:\/\/politicosaldesnudo.com.mx\/index.php\/wp-json\/wp\/v2\/categories?post=29999"},{"taxonomy":"post_tag","embeddable":true,"href":"https:\/\/politicosaldesnudo.com.mx\/index.php\/wp-json\/wp\/v2\/tags?post=29999"}],"curies":[{"name":"wp","href":"https:\/\/api.w.org\/{rel}","templated":true}]}}