{"id":30014,"date":"2024-01-27T11:57:30","date_gmt":"2024-01-27T17:57:30","guid":{"rendered":"https:\/\/politicosaldesnudo.com.mx\/?p=30014"},"modified":"2024-01-27T11:57:30","modified_gmt":"2024-01-27T17:57:30","slug":"reafirma-ivai-compromiso-con-la-rendicion-de-cuentas","status":"publish","type":"post","link":"https:\/\/politicosaldesnudo.com.mx\/index.php\/2024\/01\/27\/reafirma-ivai-compromiso-con-la-rendicion-de-cuentas\/","title":{"rendered":"Reafirma IVAI compromiso con la rendici\u00f3n de cuentas"},"content":{"rendered":"<p><span style=\"font-size: 14pt;\">Xalapa.- En cumplimiento al mandato constitucional en materia de rendici\u00f3n de cuentas, la LXVI Legislatura, a trav\u00e9s de la Comisi\u00f3n Permanente de Transparencia, Acceso a la Informaci\u00f3n y Parlamento Abierto, atendi\u00f3 la comparecencia del Instituto Veracruzano de Acceso a la Informaci\u00f3n y Protecci\u00f3n de Datos Personales (IVAI) correspondiente al periodo diciembre de 2022\u2013noviembre de 2023.<\/span><\/p>\n<p><span style=\"font-size: 14pt;\">La diputada Lidia Irma Mezhua Campos y los legisladores Marco Antonio Mart\u00ednez Amador y Miguel David Hermida Copado, presidenta, secretario y vocal de la comisi\u00f3n respectiva, condujeron el acto que inici\u00f3 con la exposici\u00f3n que present\u00f3 el comisionado presidente David Agust\u00edn Jim\u00e9nez Rojas, quien estuvo acompa\u00f1ado por la comisionada Naldy Patricia Rodr\u00edguez Lagunes y por el comisionado Jos\u00e9 Alfredo Corona Liz\u00e1rraga, integrantes del Pleno del IVAI.<\/span><\/p>\n<p><span style=\"font-size: 14pt;\">En uso de la palabra, el funcionario inform\u00f3 que actualmente existen en Veracruz 395 sujetos obligados, distribuidos en 13 tipos: asociaciones pol\u00edticas (10), ayuntamientos (212), fideicomisos (12), entidades paraestatales (54), entidades paramunicipales (15), organismos p\u00fablicos descentralizados (tres), \u00f3rganos aut\u00f3nomos (nueve), partidos pol\u00edticos (10), Poder Ejecutivo (17), Poder Legislativo (uno), Poder Judicial (uno), empresas de participaci\u00f3n estatal (uno) y sindicatos (50).<\/span><\/p>\n<p><span style=\"font-size: 14pt;\">Dichos sujetos obligados, precis\u00f3, registraron 24 mil 623 solicitudes de informaci\u00f3n, de las cuales, solamente se derivaron en dos mil 843 recursos de revisi\u00f3n.<\/span><\/p>\n<p><span style=\"font-size: 14pt;\">Respecto de la verificaci\u00f3n del cumplimiento de obligaciones correspondientes a la publicaci\u00f3n en los portales de transparencia por parte de los sujetos obligados, el IVAI recibi\u00f3 791 denuncias por incumplimiento, de las cuales a la fecha se han resuelto 588; 70 fueron infundadas, 117 parcialmente fundadas y 401 fundadas.<\/span><\/p>\n<p><span style=\"font-size: 14pt;\">Destac\u00f3 el Comisionado Presidente que en 2023, con apoyo de la Academia Veracruzana de Lenguas Ind\u00edgenas (Aveli), se llev\u00f3 a cabo la traducci\u00f3n de la informaci\u00f3n de las obligaciones de trasparencia al n\u00e1huatl, tepehua, popoluca y totonaco.<\/span><\/p>\n<p><span style=\"font-size: 14pt;\">En materia de protecci\u00f3n de datos personales, prosigui\u00f3, el IVAI cuenta con un padr\u00f3n de 333 sujetos obligados, sistematizados por tipo de entidad: 212 ayuntamientos, dos organismos p\u00fablicos descentralizados, 12 fideicomisos, 10 partidos pol\u00edticos, 15 entidades paramunicipales, 54 entidades paraestatales, nueve \u00f3rganos aut\u00f3nomos, Poder Judicial, Poder Legislativo y 17 del Poder Ejecutivo. De \u00e9stos, 278 rindieron un informe anual por categor\u00eda en materia de datos personales relativo al ejercicio 2022.<\/span><\/p>\n<p><span style=\"font-size: 14pt;\">En cuanto al cumplimiento de las resoluciones, el IVAI, a trav\u00e9s de la imposici\u00f3n de medidas de apremio, hizo exigible a los sujetos obligados el cumplimiento de las determinaciones del Pleno.<\/span><\/p>\n<p><span style=\"font-size: 14pt;\">El Comisionado Presidente destac\u00f3 que este \u00f3rgano garante ocupa el s\u00e9ptimo lugar nacional de los sujetos obligados m\u00e1s requeridos en materia de acceso a la informaci\u00f3n.<\/span><\/p>\n<p><span style=\"font-size: 14pt;\">Con respecto a la capacitaci\u00f3n, el Instituto inaugur\u00f3 su M\u00f3dulo Itinerante, realiz\u00f3 conferencias para estudiantes y docentes, el Conversatorio de Datos Abiertos \u201cDatacon\u201d, la campa\u00f1a \u201c16 d\u00edas de activismo contra la violencia hacia las mujeres y ni\u00f1as\u201d, el proyecto Lecturas Educativas para la Ni\u00f1ez sobre Transparencia y Entornos Seguros y diferentes concursos que incentivaron la participaci\u00f3n de la poblaci\u00f3n infantil y juvenil.<\/span><\/p>\n<p><span style=\"font-size: 14pt;\">David Agust\u00edn Jim\u00e9nez Rojas dio cuenta tambi\u00e9n de las jornadas de profesionalizaci\u00f3n y capacitaci\u00f3n, diplomados y jornadas de socializaci\u00f3n dirigidos a las y los trabajadores del IVAI, integrantes del servicio p\u00fablico, periodistas, instituciones educativas, entes de la administraci\u00f3n p\u00fablica y \u00f3rganos aut\u00f3nomos.<\/span><\/p>\n<p><span style=\"font-size: 14pt;\">Entre otras acciones de inclusi\u00f3n \u2013prosigui\u00f3-, el Instituto puso en marcha el micrositio de Pueblos Originarios y Afromexicanos, con el fin de reunir informaci\u00f3n de las acciones y proyectos que lleva a cabo cada ayuntamiento en materia ind\u00edgena.<\/span><\/p>\n<p><span style=\"font-size: 14pt;\">Tambi\u00e9n llev\u00f3 a cabo el proyecto Transparencia Naranja, al cual se adhirieron 108 entes comprometidos a difundir la informaci\u00f3n referente a las acciones para erradicar la violencia contra mujeres y ni\u00f1as.<\/span><\/p>\n<p><span style=\"font-size: 14pt;\">Adem\u00e1s, a trav\u00e9s de la Unidad de G\u00e9nero y en coordinaci\u00f3n con diversas dependencias, se llevaron a cabo diversas actividades dirigidas al personal del Instituto para transversalizar la perspectiva de g\u00e9nero, erradicar la discriminaci\u00f3n, reducir brechas de desigualdad y ofrecer herramientas contra todo tipo de violencia.<\/span><\/p>\n<p><span style=\"font-size: 14pt;\">En materia presupuestal, asegur\u00f3 el funcionario, el IVAI realiz\u00f3 una gesti\u00f3n adecuada de los recursos p\u00fablicos y apegada a las normas de contabilidad gubernamental, se\u00f1alando de manera clara los montos ejercidos por cada cap\u00edtulo.<\/span><\/p>\n<p><span style=\"font-size: 14pt;\">Por \u00faltimo, inform\u00f3 que el \u00d3rgano Interno de Control se sum\u00f3 al Informe de Actividades del Instituto, presentando las acciones sustanciales del per\u00edodo 2023, como son auditorias, revisi\u00f3n de la Cuenta P\u00fablica de 2019, la participaci\u00f3n en el proceso de entrega-recepci\u00f3n de las \u00e1reas en la que hubo cambios de titular y las declaraciones patrimoniales que presentaron las y los integrantes del IVAI.<\/span><\/p>\n","protected":false},"excerpt":{"rendered":"<p>Xalapa.- En cumplimiento al mandato constitucional en materia de rendici\u00f3n de cuentas, la LXVI Legislatura, a trav\u00e9s de la Comisi\u00f3n<\/p>\n","protected":false},"author":4,"featured_media":30016,"comment_status":"closed","ping_status":"closed","sticky":false,"template":"","format":"standard","meta":{"colormag_page_container_layout":"default_layout","colormag_page_sidebar_layout":"default_layout","_jetpack_memberships_contains_paid_content":false,"footnotes":"","jetpack_publicize_message":"","jetpack_publicize_feature_enabled":true,"jetpack_social_post_already_shared":false,"jetpack_social_options":{"image_generator_settings":{"template":"highway","default_image_id":0,"font":"","enabled":false},"version":2}},"categories":[30],"tags":[],"class_list":["post-30014","post","type-post","status-publish","format-standard","has-post-thumbnail","hentry","category-estados"],"jetpack_publicize_connections":[],"jetpack_featured_media_url":"https:\/\/i0.wp.com\/politicosaldesnudo.com.mx\/wp-content\/uploads\/2024\/01\/9a1-2.jpg?fit=1600%2C1066&ssl=1","jetpack-related-posts":[],"jetpack_sharing_enabled":true,"_links":{"self":[{"href":"https:\/\/politicosaldesnudo.com.mx\/index.php\/wp-json\/wp\/v2\/posts\/30014","targetHints":{"allow":["GET"]}}],"collection":[{"href":"https:\/\/politicosaldesnudo.com.mx\/index.php\/wp-json\/wp\/v2\/posts"}],"about":[{"href":"https:\/\/politicosaldesnudo.com.mx\/index.php\/wp-json\/wp\/v2\/types\/post"}],"author":[{"embeddable":true,"href":"https:\/\/politicosaldesnudo.com.mx\/index.php\/wp-json\/wp\/v2\/users\/4"}],"replies":[{"embeddable":true,"href":"https:\/\/politicosaldesnudo.com.mx\/index.php\/wp-json\/wp\/v2\/comments?post=30014"}],"version-history":[{"count":0,"href":"https:\/\/politicosaldesnudo.com.mx\/index.php\/wp-json\/wp\/v2\/posts\/30014\/revisions"}],"wp:featuredmedia":[{"embeddable":true,"href":"https:\/\/politicosaldesnudo.com.mx\/index.php\/wp-json\/wp\/v2\/media\/30016"}],"wp:attachment":[{"href":"https:\/\/politicosaldesnudo.com.mx\/index.php\/wp-json\/wp\/v2\/media?parent=30014"}],"wp:term":[{"taxonomy":"category","embeddable":true,"href":"https:\/\/politicosaldesnudo.com.mx\/index.php\/wp-json\/wp\/v2\/categories?post=30014"},{"taxonomy":"post_tag","embeddable":true,"href":"https:\/\/politicosaldesnudo.com.mx\/index.php\/wp-json\/wp\/v2\/tags?post=30014"}],"curies":[{"name":"wp","href":"https:\/\/api.w.org\/{rel}","templated":true}]}}